{"id":101715,"date":"2025-04-01T08:55:37","date_gmt":"2025-04-01T11:55:37","guid":{"rendered":"https:\/\/tvc16.com\/portal\/?p=101715"},"modified":"2025-04-01T08:55:39","modified_gmt":"2025-04-01T11:55:39","slug":"estado-do-rio-reduz-em-18-mortalidade-materna","status":"publish","type":"post","link":"https:\/\/tvc16.com\/portal\/2025\/04\/01\/estado-do-rio-reduz-em-18-mortalidade-materna\/","title":{"rendered":"Estado do Rio reduz em 18% mortalidade materna"},"content":{"rendered":"\n<p><em>Queda no \u00edndice de morte de gestante reflete a ado\u00e7\u00e3o de medidas como qualifica\u00e7\u00e3o do pr\u00e9-natal, pr\u00e1ticas humanizadas durante o parto e investimento no Governo do Estado nas maternidades<\/em><\/p>\n\n\n\n<p>O Estado do Rio de Janeiro registrou queda de 18% na Raz\u00e3o da Mortalidade Materna (RMM). A redu\u00e7\u00e3o do \u00edndice foi de 75,5 para 61,8 a cada 100 mil nascidos vivos, na compara\u00e7\u00e3o entre 2024 e 2023. Em n\u00fameros absolutos, a queda chegou a 24%. Foram 101 \u00f3bitos no ano passado, contra 133 em 2023. Os resultados foram apresentados no XXXV F\u00f3rum Perinatal do Estado do Rio de Janeiro, realizado nesta segunda-feira (31\/03),&nbsp; no audit\u00f3rio da Secretaria de Estado de Sa\u00fade.<\/p>\n\n\n\n<p>&#8211; Os dados s\u00e3o resultado da aten\u00e7\u00e3o e do investimento do Governo do Estado no cuidado com as m\u00e3es e seus beb\u00eas. Reformamos maternidades, qualificamos equipes e adotamos as melhores pr\u00e1ticas nas pol\u00edticas p\u00fablicas para atender \u00e0s gestantes. Sabemos que temos que avan\u00e7ar, mas os dados comprovam o sucesso das medidas adotadas_, afirma o governador Cl\u00e1udio Castro.<\/p>\n\n\n\n<p>A secret\u00e1ria de Estado de Sa\u00fade, Claudia Mello, tamb\u00e9m destaca a implementa\u00e7\u00e3o de uma linha de cuidados materno-infantil e o fortalecimento das \u00e1reas t\u00e9cnicas em todos os 92 munic\u00edpios do estado. Uma das medidas assistenciais adotadas foi a distribui\u00e7\u00e3o do c\u00e1lcio universal para todas as gestantes do estado assistidas pelo SUS, em 2024 &#8211; um ano antes da iniciativa ser incorporada pelo Minist\u00e9rio da Sa\u00fade.<\/p>\n\n\n\n<p>&#8211; Fizemos um esfor\u00e7o conjunto para garantir a qualifica\u00e7\u00e3o do pr\u00e9-natal e partos, al\u00e9m da capacita\u00e7\u00e3o de profissionais da aten\u00e7\u00e3o prim\u00e1ria \u00e0 sa\u00fade com cursos voltados para o pr\u00e9-natal. Tamb\u00e9m promovemos a atualiza\u00e7\u00e3o das pr\u00e1ticas humanizadas de assist\u00eancia ao parto por meio de f\u00f3runs de discuss\u00e3o e a implanta\u00e7\u00e3o, junto \u00e0s maternidades, da lista de verifica\u00e7\u00e3o do parto seguro _ , explicou a secret\u00e1ria durante o evento.<\/p>\n\n\n\n<p>Os dados foram comemorados pelo coordenador da \u00c1rea T\u00e9cnica de Sa\u00fade das Mulheres da SES,&nbsp; Dr. Antonio Braga. Durante sua palestra, ele ressaltou a colabora\u00e7\u00e3o do programa estadual \u201cAcolhe\u201d, que oferece orienta\u00e7\u00e3o para o planejamento familiar, com palestras sobre preven\u00e7\u00e3o da gravidez na adolesc\u00eancia e acesso a contraceptivos gratuitos, principalmente, para mulheres jovens de 14 a 23 anos.&nbsp;&nbsp;<\/p>\n\n\n\n<p>&#8211; A gravidez na adolesc\u00eancia, sem planejamento, \u00e9 um fator de risco para a mortalidade materna. Muitas meninas engravidam sem desejar e, por falta de estrutura financeira e emocional, n\u00e3o fazem o pr\u00e9-natal corretamente &#8211; afirmou Braga, que \u00e9 obstetra da rede estadual de sa\u00fade.<\/p>\n\n\n\n<p>Al\u00e9m das estat\u00edsticas de mortalidade no estado, o F\u00f3rum Perinatal apresentou ainda as a\u00e7\u00f5es e metas para os pr\u00f3ximos anos. Participaram do evento e da mesa de debates representantes da SES, do Minist\u00e9rio P\u00fablico Estadual e da sociedade civil. No encontro, al\u00e9m dos resultados estat\u00edsticos, tamb\u00e9m foram listadas todas as iniciativas para a redu\u00e7\u00e3o da mortalidade materna no estado, como a reativa\u00e7\u00e3o dos Comit\u00eas de Mortalidade Materna nos munic\u00edpios e os investimentos nas maternidades estaduais, entre elas, a reforma e moderniza\u00e7\u00e3o das enfermarias de p\u00f3s-parto do Hospital Estadual Azevedo Lima, em Niter\u00f3i. A unidade, refer\u00eancia em partos de alto risco, foi modificada para adequa\u00e7\u00e3o \u00e0s normas de humaniza\u00e7\u00e3o, ganhou leitos mais espa\u00e7osos com banheiros reformados e sala de amamenta\u00e7\u00e3o com m\u00fasica ambiente.&nbsp;<\/p>\n\n\n\n<p><strong>Doen\u00e7as do aparelho circulat\u00f3rio e hemorragias est\u00e3o entre as principais causas de morte materna do estado do Rio<\/strong><\/p>\n\n\n\n<p>A mortalidade materna, segundo a Organiza\u00e7\u00e3o Mundial da Sa\u00fade (OMS), \u00e9 definida como a morte de uma mulher durante a gesta\u00e7\u00e3o, parto ou at\u00e9 42 dias ap\u00f3s a m\u00e3e dar \u00e0 luz.&nbsp; \u00c9 um indicador cr\u00edtico que reflete a qualidade da assist\u00eancia e o acesso aos servi\u00e7os de sa\u00fade. \u00c9 medida pela Raz\u00e3o de Mortalidade Materna (RMM) e por n\u00famero absolutos.&nbsp;<\/p>\n\n\n\n<p>&#8211; O n\u00famero absoluto \u00e9 importante porque nos permite identificar quantas gestantes morreram. No entanto, quando comparamos munic\u00edpios com tamanhos diferentes ou que apresentaram mudan\u00e7a de padr\u00e3o de nascimentos ao longo dos anos, a Raz\u00e3o de Mortalidade Materna nos d\u00e1 um outro panorama, porque leva em considera\u00e7\u00e3o o n\u00famero de nascidos vivos-,&nbsp; explica Luciane Velasque, superintendente de Informa\u00e7\u00f5es Estrat\u00e9gicas da SES-RJ.<\/p>\n\n\n\n<p>Segundo a estat\u00edstica, em uma cidade que tem popula\u00e7\u00e3o maior e com mais gestantes, a possibilidade de \u00f3bitos maternos \u00e9 maior. Num munic\u00edpio menor, onde ocorrem menos nascimentos, dois \u00f3bitos podem representar uma RMM maior.&nbsp;<\/p>\n\n\n\n<p>Em 2000, o Estado do Rio chegou a registrar 197 mortes maternas, tendo reduzido em 51,3% o n\u00famero absoluto em rela\u00e7\u00e3o a 2024. As principais causas da mortalidade materna no estado s\u00e3o doen\u00e7as do aparelho circulat\u00f3rio, hemorragia, doen\u00e7as infecciosas e parasit\u00e1rias, infec\u00e7\u00e3o puerperal, doen\u00e7as do aparelho respirat\u00f3rio e hipertens\u00e3o.&nbsp;&nbsp;<\/p>\n\n\n\n<p>Os dados sobre mortalidade materna est\u00e3o dispon\u00edveis ao p\u00fablico no portal tabnet Raz\u00e3o de Mortalidade Materna e outros indicadores relacionados; tamb\u00e9m est\u00e3o registrados no Sistema de Informa\u00e7\u00f5es sobre Mortalidade (SIM) e no Sistema de Informa\u00e7\u00f5es sobre Nascidos Vivos (Sinasc).<\/p>\n","protected":false},"excerpt":{"rendered":"<p>Queda no \u00edndice de morte de gestante reflete a ado\u00e7\u00e3o de medidas como qualifica\u00e7\u00e3o do<\/p>\n","protected":false},"author":2,"featured_media":101717,"comment_status":"open","ping_status":"open","sticky":false,"template":"","format":"standard","meta":{"footnotes":""},"categories":[17],"tags":[],"class_list":["post-101715","post","type-post","status-publish","format-standard","has-post-thumbnail","hentry","category-outras-noticias"],"_links":{"self":[{"href":"https:\/\/tvc16.com\/portal\/wp-json\/wp\/v2\/posts\/101715","targetHints":{"allow":["GET"]}}],"collection":[{"href":"https:\/\/tvc16.com\/portal\/wp-json\/wp\/v2\/posts"}],"about":[{"href":"https:\/\/tvc16.com\/portal\/wp-json\/wp\/v2\/types\/post"}],"author":[{"embeddable":true,"href":"https:\/\/tvc16.com\/portal\/wp-json\/wp\/v2\/users\/2"}],"replies":[{"embeddable":true,"href":"https:\/\/tvc16.com\/portal\/wp-json\/wp\/v2\/comments?post=101715"}],"version-history":[{"count":1,"href":"https:\/\/tvc16.com\/portal\/wp-json\/wp\/v2\/posts\/101715\/revisions"}],"predecessor-version":[{"id":101718,"href":"https:\/\/tvc16.com\/portal\/wp-json\/wp\/v2\/posts\/101715\/revisions\/101718"}],"wp:featuredmedia":[{"embeddable":true,"href":"https:\/\/tvc16.com\/portal\/wp-json\/wp\/v2\/media\/101717"}],"wp:attachment":[{"href":"https:\/\/tvc16.com\/portal\/wp-json\/wp\/v2\/media?parent=101715"}],"wp:term":[{"taxonomy":"category","embeddable":true,"href":"https:\/\/tvc16.com\/portal\/wp-json\/wp\/v2\/categories?post=101715"},{"taxonomy":"post_tag","embeddable":true,"href":"https:\/\/tvc16.com\/portal\/wp-json\/wp\/v2\/tags?post=101715"}],"curies":[{"name":"wp","href":"https:\/\/api.w.org\/{rel}","templated":true}]}}