{"id":101725,"date":"2025-04-01T10:25:15","date_gmt":"2025-04-01T13:25:15","guid":{"rendered":"https:\/\/tvc16.com\/portal\/?p=101725"},"modified":"2025-04-01T10:25:18","modified_gmt":"2025-04-01T13:25:18","slug":"petropolis-antecipa-inicio-da-estrategia-de-vacinacao-contra-a-influenza","status":"publish","type":"post","link":"https:\/\/tvc16.com\/portal\/2025\/04\/01\/petropolis-antecipa-inicio-da-estrategia-de-vacinacao-contra-a-influenza\/","title":{"rendered":"Petr\u00f3polis antecipa in\u00edcio da Estrat\u00e9gia de Vacina\u00e7\u00e3o contra a Influenza"},"content":{"rendered":"\n<p><em>Vacina\u00e7\u00e3o come\u00e7a nesta quarta-feira (2) e objetivo \u00e9 reduzir as complica\u00e7\u00f5es da influenza no per\u00edodo de maior circula\u00e7\u00e3o do v\u00edrus.<\/em><\/p>\n\n\n\n<p>A Prefeitura de Petr\u00f3polis, por meio da Secretaria Municipal de Sa\u00fade, vai antecipar a vacina\u00e7\u00e3o contra o v\u00edrus da Influenza. A estrat\u00e9gia de vacina\u00e7\u00e3o come\u00e7a nesta quarta-feira (2), cinco dias antes do que recomenda o Minist\u00e9rio da Sa\u00fade que havia marcado para iniciar no dia 7 de abril. O dia \u201cD\u201d de divulga\u00e7\u00e3o e mobiliza\u00e7\u00e3o nacional est\u00e1 marcado para acontecer no dia 10 de maio.<\/p>\n\n\n\n<p>\u201cA vacina\u00e7\u00e3o \u00e9 considerada a melhor estrat\u00e9gia de preven\u00e7\u00e3o contra a influenza e nosso objetivo antecipando o in\u00edcio da vacina\u00e7\u00e3o \u00e9 deixar nossa popula\u00e7\u00e3o protegida para o per\u00edodo mais frio do ano\u201d, comentou o prefeito Hingo Hammes.<\/p>\n\n\n\n<p>A influenza \u00e9 uma infec\u00e7\u00e3o respirat\u00f3ria viral aguda de elevada transmissibilidade. A vacina possui capacidade de promover imunidade durante o per\u00edodo de maior circula\u00e7\u00e3o dos v\u00edrus, reduzindo o agravamento da doen\u00e7a, as interna\u00e7\u00f5es e o n\u00famero de \u00f3bitos. Este ano, a vacina contra influenza passa a fazer parte do Calend\u00e1rio Nacional de Vacina\u00e7\u00e3o para crian\u00e7as a partir de 6 meses a menores de 6 anos de idade (5 anos, 11 meses e 29 dias), idosos com 60 anos ou mais e gestantes.<\/p>\n\n\n\n<p>\u201cEm Petr\u00f3polis a vacina est\u00e1 dispon\u00edvel em 16 salas de vacina\u00e7\u00e3o distribu\u00eddas pelo munic\u00edpio. Com empenho da nossa equipe da Secretaria de Sa\u00fade e o apoio da popula\u00e7\u00e3o, nosso objetivo \u00e9 vacinar 90% do p\u00fablico-alvo\u201d comentou o secret\u00e1rio Municipal de Sa\u00fade, Lu\u00eds Cruzick.<\/p>\n\n\n\n<p>Veja quais s\u00e3o os grupos priorit\u00e1rios<\/p>\n\n\n\n<p>Na vacina\u00e7\u00e3o de rotina est\u00e3o inclu\u00eddas crian\u00e7as de 6 meses a menores de 6 anos de idade (5 anos, 11 meses e 29 dias), gestantes, idosos com 60 anos ou mais de idade. J\u00e1 o grupo especial inclui pu\u00e9rperas, povos ind\u00edgenas, quilombolas, pessoas em situa\u00e7\u00e3o de rua, trabalhadores da sa\u00fade, professores do ensino b\u00e1sico e superior, profissionais das for\u00e7as de seguran\u00e7a e salvamento, profissionais das for\u00e7as armadas, pessoas com defici\u00eancia permanente, caminhoneiros, trabalhadores de transporte coletivo rodovi\u00e1rio para passageiros urbanos e de longo curso, trabalhadores portu\u00e1rios, trabalhadores dos correios, popula\u00e7\u00e3o privada de liberdade e funcion\u00e1rios do sistema de priva\u00e7\u00e3o de liberdade, adolescentes e jovens de 12 a 21 anos de idade sob medidas socioeducativas, pessoas com doen\u00e7as cr\u00f4nicas n\u00e3o transmiss\u00edveis e outras condi\u00e7\u00f5es cl\u00ednicas especiais, independentemente da idade.<\/p>\n\n\n\n<p>Salas de vacina do munic\u00edpio de Petr\u00f3polis:<\/p>\n\n\n\n<p>Centro de Sa\u00fade Coletiva<br>UBS Quitandinha<br>UBS Retiro<br>Centro de Sa\u00fade Itamarati<br>UBS Alto Independ\u00eancia<br>UBS Mosela<br>UBS Morin<br>UBS Itaipava<br>UBS Pedro do Rio<br>UBS Araras<br>UBS Bairro da Gl\u00f3ria<br>UBS Vicenzo Rivetti<br>ESF Posse<br>ESF Alto da Serra<br>Ambulat\u00f3rio Escola FMP\/FASE<br>Ambulat\u00f3rio Alcides Carneiro<\/p>\n","protected":false},"excerpt":{"rendered":"<p>Vacina\u00e7\u00e3o come\u00e7a nesta quarta-feira (2) e objetivo \u00e9 reduzir as complica\u00e7\u00f5es da influenza no per\u00edodo<\/p>\n","protected":false},"author":2,"featured_media":101726,"comment_status":"open","ping_status":"open","sticky":false,"template":"","format":"standard","meta":{"footnotes":""},"categories":[12],"tags":[],"class_list":["post-101725","post","type-post","status-publish","format-standard","has-post-thumbnail","hentry","category-cidade"],"_links":{"self":[{"href":"https:\/\/tvc16.com\/portal\/wp-json\/wp\/v2\/posts\/101725","targetHints":{"allow":["GET"]}}],"collection":[{"href":"https:\/\/tvc16.com\/portal\/wp-json\/wp\/v2\/posts"}],"about":[{"href":"https:\/\/tvc16.com\/portal\/wp-json\/wp\/v2\/types\/post"}],"author":[{"embeddable":true,"href":"https:\/\/tvc16.com\/portal\/wp-json\/wp\/v2\/users\/2"}],"replies":[{"embeddable":true,"href":"https:\/\/tvc16.com\/portal\/wp-json\/wp\/v2\/comments?post=101725"}],"version-history":[{"count":1,"href":"https:\/\/tvc16.com\/portal\/wp-json\/wp\/v2\/posts\/101725\/revisions"}],"predecessor-version":[{"id":101727,"href":"https:\/\/tvc16.com\/portal\/wp-json\/wp\/v2\/posts\/101725\/revisions\/101727"}],"wp:featuredmedia":[{"embeddable":true,"href":"https:\/\/tvc16.com\/portal\/wp-json\/wp\/v2\/media\/101726"}],"wp:attachment":[{"href":"https:\/\/tvc16.com\/portal\/wp-json\/wp\/v2\/media?parent=101725"}],"wp:term":[{"taxonomy":"category","embeddable":true,"href":"https:\/\/tvc16.com\/portal\/wp-json\/wp\/v2\/categories?post=101725"},{"taxonomy":"post_tag","embeddable":true,"href":"https:\/\/tvc16.com\/portal\/wp-json\/wp\/v2\/tags?post=101725"}],"curies":[{"name":"wp","href":"https:\/\/api.w.org\/{rel}","templated":true}]}}