{"id":101728,"date":"2025-04-01T10:26:26","date_gmt":"2025-04-01T13:26:26","guid":{"rendered":"https:\/\/tvc16.com\/portal\/?p=101728"},"modified":"2025-04-01T10:26:28","modified_gmt":"2025-04-01T13:26:28","slug":"prefeitura-celebra-dia-mundial-da-conscientizacao-do-autismo-com-caminhada-e-seminario","status":"publish","type":"post","link":"https:\/\/tvc16.com\/portal\/2025\/04\/01\/prefeitura-celebra-dia-mundial-da-conscientizacao-do-autismo-com-caminhada-e-seminario\/","title":{"rendered":"Prefeitura celebra Dia Mundial da Conscientiza\u00e7\u00e3o do Autismo com caminhada e semin\u00e1rio"},"content":{"rendered":"\n<p><em>Caminhada Azul acontece domingo, dia 6, com in\u00edcio na Pra\u00e7a Dom Pedro<\/em><\/p>\n\n\n\n<p>O Dia Mundial da Conscientiza\u00e7\u00e3o do Autismo (2 de abril) ser\u00e1 celebrado em Petr\u00f3polis com semin\u00e1rio e a tradicional caminhada, promovida pela Prefeitura em parceria com o Grupo Amigos do Autista de Petr\u00f3polis (GAAPE). Os dois eventos s\u00e3o gratuitos e aberto ao p\u00fablico.<\/p>\n\n\n\n<p>\u201cEssa \u00e9 uma data importante de conscientiza\u00e7\u00e3o e um momento de difundirmos ainda mais as informa\u00e7\u00f5es sobre o transtorno de espectro autista, o TEA, e assim reduzir o preconceito\u201d, disse o prefeito Hingo Hammes, convidando a todos para participarem da tradicional caminhada, que j\u00e1 \u00e9 realizada na cidade h\u00e1 12 anos.<\/p>\n\n\n\n<p>Na quarta-feira (2 de abril), acontece o semin\u00e1rio \u201cDesmistificando o Autismo\u201d, no sal\u00e3o nobre da Universidade Cat\u00f3lica de Petr\u00f3polis (UCP). O evento realizado pela Secretaria de Educa\u00e7\u00e3o tem in\u00edcio \u00e0s 8h30. \u201cAl\u00e9m das palestras previstas, haver\u00e1 momentos dedicados \u00e0 intera\u00e7\u00e3o direta entre participantes, promovendo um ambiente acolhedor para di\u00e1logos que possam gerar propostas concretas e aplic\u00e1veis no cotidiano escolar e familiar\u201d, disse o secret\u00e1rio de Educa\u00e7\u00e3o, Alexandre Gurgel.<\/p>\n\n\n\n<p>A tradicional Caminhada Azul acontece no domingo (6 de abril), a partir das 8h, com concentra\u00e7\u00e3o na Pra\u00e7a Dom Pedro seguindo pelas ruas 16 de Mar\u00e7o e Doutor Nelson de S\u00e1 Earp, Avenida Roberto Silveira, Rua Alfredo Pach\u00e1 e encerrando no Pal\u00e1cio de Cristal.<\/p>\n\n\n\n<p>\u201cEssa caminhada \u00e9 tradicional e \u00e9 um momento de inclus\u00e3o e sensibiliza\u00e7\u00e3o sobre o TEA. Todos podem participar e aderir a esse movimento e no fortalecimento de pol\u00edticas p\u00fablicas\u201d, comentou o secret\u00e1rio da Pessoa com Defici\u00eancia, Mobilidade Reduzida e Doen\u00e7as Raras, Leandro Kronemberger.<\/p>\n\n\n\n<p>\u201cA Caminhada Azul \u00e9 o retrato da caminhada da m\u00e3e no dia a dia com a crian\u00e7a autista. S\u00e3o todos vestidos de azul e mostrar o que \u00e9 ser autista na nossa sociedade, falando tamb\u00e9m da inclus\u00e3o e respeito \u00e0s diferen\u00e7as. \u00c9 uma inclus\u00e3o poder caminhar junto com as fam\u00edlias, com a Prefeitura, com os profissionais\u201d, frisou M\u00e1rcia da Silva Loureiro, fundadora e coordenadora t\u00e9cnica geral do GAAPE.<\/p>\n","protected":false},"excerpt":{"rendered":"<p>Caminhada Azul acontece domingo, dia 6, com in\u00edcio na Pra\u00e7a Dom Pedro O Dia Mundial<\/p>\n","protected":false},"author":2,"featured_media":92587,"comment_status":"open","ping_status":"open","sticky":false,"template":"","format":"standard","meta":{"footnotes":""},"categories":[12],"tags":[],"class_list":["post-101728","post","type-post","status-publish","format-standard","has-post-thumbnail","hentry","category-cidade"],"_links":{"self":[{"href":"https:\/\/tvc16.com\/portal\/wp-json\/wp\/v2\/posts\/101728","targetHints":{"allow":["GET"]}}],"collection":[{"href":"https:\/\/tvc16.com\/portal\/wp-json\/wp\/v2\/posts"}],"about":[{"href":"https:\/\/tvc16.com\/portal\/wp-json\/wp\/v2\/types\/post"}],"author":[{"embeddable":true,"href":"https:\/\/tvc16.com\/portal\/wp-json\/wp\/v2\/users\/2"}],"replies":[{"embeddable":true,"href":"https:\/\/tvc16.com\/portal\/wp-json\/wp\/v2\/comments?post=101728"}],"version-history":[{"count":1,"href":"https:\/\/tvc16.com\/portal\/wp-json\/wp\/v2\/posts\/101728\/revisions"}],"predecessor-version":[{"id":101729,"href":"https:\/\/tvc16.com\/portal\/wp-json\/wp\/v2\/posts\/101728\/revisions\/101729"}],"wp:featuredmedia":[{"embeddable":true,"href":"https:\/\/tvc16.com\/portal\/wp-json\/wp\/v2\/media\/92587"}],"wp:attachment":[{"href":"https:\/\/tvc16.com\/portal\/wp-json\/wp\/v2\/media?parent=101728"}],"wp:term":[{"taxonomy":"category","embeddable":true,"href":"https:\/\/tvc16.com\/portal\/wp-json\/wp\/v2\/categories?post=101728"},{"taxonomy":"post_tag","embeddable":true,"href":"https:\/\/tvc16.com\/portal\/wp-json\/wp\/v2\/tags?post=101728"}],"curies":[{"name":"wp","href":"https:\/\/api.w.org\/{rel}","templated":true}]}}