{"id":101730,"date":"2025-04-01T10:36:55","date_gmt":"2025-04-01T13:36:55","guid":{"rendered":"https:\/\/tvc16.com\/portal\/?p=101730"},"modified":"2025-04-01T10:36:58","modified_gmt":"2025-04-01T13:36:58","slug":"pe-de-meia-nascidos-em-marco-e-abril-recebem-hoje-incentivo-matricula","status":"publish","type":"post","link":"https:\/\/tvc16.com\/portal\/2025\/04\/01\/pe-de-meia-nascidos-em-marco-e-abril-recebem-hoje-incentivo-matricula\/","title":{"rendered":"P\u00e9-de-meia: nascidos em mar\u00e7o e abril\u202frecebem hoje incentivo matr\u00edcula"},"content":{"rendered":"\n<p><em>Parcela de R$ 200 ser\u00e1 depositado de forma escalonada at\u00e9 7 de abril<\/em><\/p>\n\n\n\n<p>Por Daniella Almeida &#8211; Rep\u00f3rter da Ag\u00eancia Brasil \/ Foto: Joel Rodrigues\/Ag\u00eancia Bras\u00edlia<\/p>\n\n\n\n<p><\/p>\n\n\n\n<p><strong>Os benefici\u00e1rios do programa P\u00e9-de-Meia 2025 nascidos em mar\u00e7o e abril\u202frecebem nesta ter\u00e7a-feira (1\u00ba)&nbsp;o incentivo-matr\u00edcula de R$ 200.&nbsp;<\/strong>O valor corresponde \u00e0 primeira parcela do ano do programa federal apelidado de&nbsp;Poupan\u00e7a do ensino m\u00e9dio<img decoding=\"async\" src=\"https:\/\/agenciabrasil.ebc.com.br\/ebc.png?id=1636910&amp;o=node\"><img decoding=\"async\" src=\"https:\/\/agenciabrasil.ebc.com.br\/ebc.gif?id=1636910&amp;o=node\"><\/p>\n\n\n\n<p><strong>O incentivo-matr\u00edcula \u00e9 pago em parcela \u00fanica anual e ser\u00e1 depositado de forma escalonada at\u00e9 7 de abril, conforme o m\u00eas de nascimento do estudante.<\/strong><\/p>\n\n\n\n<ul class=\"wp-block-list\">\n<li>nascidos em janeiro e fevereiro\u00a0<a href=\"https:\/\/agenciabrasil.ebc.com.br\/educacao\/noticia\/2025-03\/pe-de-meia-nascidos-em-janeiro-e-fevereiro-recebem-nesta-segunda\" target=\"_blank\" rel=\"noreferrer noopener\">receberam\u00a0nesta segunda-feira<\/a>\u00a0(31);<\/li>\n\n\n\n<li>nascidos em mar\u00e7o e abril recebem nesta ter\u00e7a-feira (1\u00ba de abril);<\/li>\n\n\n\n<li>nascidos em maio e junho recebem nesta quarta-feira (2 de abril);<\/li>\n\n\n\n<li>nascidos em julho e agosto recebem na quinta-feira (3 de abril);<\/li>\n\n\n\n<li>nascidos em setembro e outubro recebem na sexta-feira (4 de abril);<\/li>\n\n\n\n<li>nascidos em novembro e dezembro recebem em 7 de abril.<\/li>\n<\/ul>\n\n\n\n<p>O valor poder\u00e1 ser sacado, ou seja, o estudante n\u00e3o precisa esperar a formatura no ensino m\u00e9dio para usufruir dos recursos financeiros.<\/p>\n\n\n\n<p>A Caixa Econ\u00f4mica Federal confirma que, neste m\u00eas, ser\u00e3o disponibilizadas cerca de 3,9 milh\u00f5es de parcelas, sendo 1,3 milh\u00e3o para novos estudantes, ou seja, que ingressaram no primeiro ano do ensino m\u00e9dio p\u00fablico em 2025.<\/p>\n\n\n\n<p><strong>Neste m\u00eas, ainda ser\u00e3o pagas&nbsp;parcelas remanescentes de 2024 dos incentivos conclus\u00e3o e de participa\u00e7\u00e3o no Exame Nacional do Ensino M\u00e9dio (Enem), bem como do incentivo frequ\u00eancia.<\/strong><\/p>\n\n\n\n<h2 class=\"wp-block-heading\">Dep\u00f3sitos<\/h2>\n\n\n\n<p><strong>Todos os incentivos do P\u00e9-de-Meia s\u00e3o pagos pelo Minist\u00e9rio da Educa\u00e7\u00e3o (MEC) em conta digital aberta automaticamente pela Caixa Econ\u00f4mica Federal (CEF) em nome dos beneficiados dos tr\u00eas anos do ensino m\u00e9dio contemplados<\/strong>.<\/p>\n\n\n\n<p>Aqueles estudantes que, desde 2024, fazem parte do programa recebem o pagamento nas&nbsp;mesmas&nbsp;contas abertas no ano passado. E os novos participantes receber\u00e3o o&nbsp;dep\u00f3sito&nbsp;em\u202fcontas abertas no ano corrente.\u202f&nbsp;<\/p>\n\n\n\n<p>Caso o estudante j\u00e1 tenha, em seu nome, um conta ativa no banco p\u00fabico, n\u00e3o ser\u00e1 necess\u00e1ria abertura de nova conta para cr\u00e9dito do incentivo, desde que sejam do tipo poupan\u00e7a.<\/p>\n\n\n\n<p>Informa\u00e7\u00f5es relativas ao pagamento do benef\u00edcio podem ser consultadas no aplicativo&nbsp;<a href=\"https:\/\/www.caixa.gov.br\/caixatem\/Paginas\/default.aspx\" target=\"_blank\" rel=\"noreferrer noopener\">Caixa Tem<\/a>.&nbsp;<\/p>\n\n\n\n<p>Para estudantes menores de 18 anos, o respons\u00e1vel legal deve autorizar a movimenta\u00e7\u00e3o da conta pelo App Caixa&nbsp;Tem, por meio&nbsp;da op\u00e7\u00e3o &#8220;Programa P\u00e9-de-Meia&#8221; \u2013&nbsp;&#8220;Permitir acesso a um menor&#8221;, ou em&nbsp;uma ag\u00eancia banc\u00e1ria.&nbsp;Ainda ser\u00e1 necess\u00e1rio que seja realizado o&nbsp;upload&nbsp;[carregamento do arquivo] da carteira de identidade do estudante.<\/p>\n\n\n\n<p>Caso o respons\u00e1vel legal n\u00e3o seja o pai ou a m\u00e3e do estudante, o consentimento para movimenta\u00e7\u00e3o dos valores do P\u00e9-de-Meia dever\u00e1 ser feito presencialmente em uma ag\u00eancia banc\u00e1ria da Caixa.<\/p>\n\n\n\n<h2 class=\"wp-block-heading\">\u200bCrit\u00e9rios do P\u00e9-de-Meia<\/h2>\n\n\n\n<p>Os dep\u00f3sitos s\u00e3o destinados aos estudantes matriculados do ensino m\u00e9dio regular e na modalidade da educa\u00e7\u00e3o de jovens e adultos (EJA), que sejam parte de fam\u00edlias inclu\u00eddas no Cadastro \u00danico para Programas Sociais (Cad\u00danico) do governo federal.<\/p>\n\n\n\n<p>Para participar do programa, o estudante n\u00e3o precisa se inscrever, basta ter Cadastro de Pessoa F\u00edsica (CPF); e estar matriculado em 2025 em uma escola p\u00fablica de ensino m\u00e9dio.<\/p>\n\n\n\n<h2 class=\"wp-block-heading\">Como consultar<\/h2>\n\n\n\n<p>O Minist\u00e9rio da Educa\u00e7\u00e3o n\u00e3o faz contato com benefici\u00e1rios do P\u00e9-de-Meia do ensino m\u00e9dio. Para o estudante do ensino m\u00e9dio da rede p\u00fablica de ensino saber se tem o direito a receber os benef\u00edcios, deve consultar o aplicativo&nbsp;<a href=\"https:\/\/play.google.com\/store\/apps\/details?id=br.gov.mec.jornada.estudante\" target=\"_blank\" rel=\"noreferrer noopener\">Jornada do Estudante<\/a>&nbsp;do MEC. Pelo app, o estudante poder\u00e1 consultar informa\u00e7\u00f5es escolares, regras do programa e status de pagamentos (rejeitados ou aprovados).&nbsp;<\/p>\n\n\n\n<p>A ferramenta pode ser baixada em&nbsp;smartphones&nbsp;e&nbsp;tablets&nbsp;e o login \u00e9 feito com o pr\u00f3prio Cadastro de Pessoa F\u00edsica (CPF) do estudante na conta no portal \u00fanico de servi\u00e7os digitais do governo federal, o&nbsp;<a href=\"http:\/\/gov.br\/\" target=\"_blank\" rel=\"noreferrer noopener\">Gov.br<\/a>. A conta pode ser de n\u00edvel de seguran\u00e7a bronze.<\/p>\n\n\n\n<h2 class=\"wp-block-heading\">Incentivos pagos<\/h2>\n\n\n\n<p>A chamada&nbsp;Poupan\u00e7a do Ensino M\u00e9dio&nbsp;tem quatro tipos de incentivos, entre eles, o incentivo-matr\u00edcula, pago nesta semana:<\/p>\n\n\n\n<ul class=\"wp-block-list\">\n<li>Incentivo-matr\u00edcula: por matr\u00edcula registrada no in\u00edcio do ano letivo, valor pago uma vez por ano, no valor de R$ 200. O saque \u00e9 imediato.<\/li>\n\n\n\n<li>Incentivo-frequ\u00eancia: por frequ\u00eancia m\u00ednima escolar mensal de 80% do total de horas letivas. Para o ensino regular, s\u00e3o nove parcelas durante o ano letivo de R$ 200, dispon\u00edveis para saque a qualquer momento. A soma \u00e9 de R$ 1,8 mil por ano. Aos alunos da Educa\u00e7\u00e3o de Jovens e Adultos (EJA), o b\u00f4nus \u00e9 pago em quatro parcelas de R$ 225, por semestre cursado. O valor total semestral de \u00e9 R$ 900.<\/li>\n\n\n\n<li>Incentivo-conclus\u00e3o: por conclus\u00e3o e com aprova\u00e7\u00e3o em cada um dos tr\u00eas anos letivos do ensino m\u00e9dio e participa\u00e7\u00e3o em avalia\u00e7\u00f5es educacionais. O valor recebido \u00e9 R$ 1 mil por ano letivo, podendo chegar a R$ 3 mil no fim da educa\u00e7\u00e3o b\u00e1sica. O saque depende da obten\u00e7\u00e3o de certificado de conclus\u00e3o do ensino m\u00e9dio;<\/li>\n\n\n\n<li>Incentivo-Enem: por participa\u00e7\u00e3o comprovada nos dois dias do exame, no \u00faltimo ano do ensino m\u00e9dio. Os R$ 200 s\u00e3o pagos em parcela \u00fanica ao estudante matriculado no terceiro ano e ficam dispon\u00edveis para saque.<\/li>\n<\/ul>\n\n\n\n<p>Os estudantes que participarem do P\u00e9-de-Meia\u202fdurante os tr\u00eas anos podem&nbsp;ter dep\u00f3sitos que somam at\u00e9 R$ 9,2 mil por aluno&nbsp;ao fim do ensino m\u00e9dio.&nbsp;<\/p>\n\n\n\n<h2 class=\"wp-block-heading\">Calend\u00e1rio<\/h2>\n\n\n\n<p>A&nbsp;<a href=\"https:\/\/www.in.gov.br\/en\/web\/dou\/-\/portaria-mec-n-143-de-26-de-fevereiro-de-2025-615359698\" target=\"_blank\" rel=\"noreferrer noopener\">Portaria 143\/2025<\/a>&nbsp;do MEC estabelece o calend\u00e1rio de pagamento do programa P\u00e9-de-Meia em 2025.<\/p>\n\n\n\n<p>Al\u00e9m dos dep\u00f3sitos relativos ao incentivo-matr\u00edcula, ainda est\u00e3o programados os pagamentos das bolsas de incentivo-frequ\u00eancia dos estudantes nas aulas&nbsp;e participa\u00e7\u00e3o no Enem. Os pagamentos seguem um cronograma que varia conforme o m\u00eas de nascimento do estudante.<\/p>\n\n\n\n<h2 class=\"wp-block-heading\">&gt;&gt; Confira os prazos do calend\u00e1rio do P\u00e9-de-Meia 2025 para o ensino regular:<\/h2>\n\n\n\n<figure class=\"wp-block-image\"><img decoding=\"async\" src=\"https:\/\/imagens.ebc.com.br\/rVoIsICat_ZjUqg5iscqx3Z4Efs=\/754x0\/smart\/https:\/\/agenciabrasil.ebc.com.br\/sites\/default\/files\/thumbnails\/image\/2025\/02\/28\/calendario-pe-de-meia-2025.png?itok=rZFMWPKF\" alt=\"Calend\u00e1rio P\u00e9-de-Meia - Ensino regular \" title=\"Arte\/Ag\u00eancia Brasil\"\/><\/figure>\n\n\n\n<h2 class=\"wp-block-heading\"><strong>Arte\/Ag\u00eancia Brasil<\/strong><\/h2>\n\n\n\n<h2 class=\"wp-block-heading\">&gt;&gt; Confira os prazos do calend\u00e1rio do P\u00e9-de-Meia 2025 para o EJA (primeiro semestre):<\/h2>\n\n\n\n<figure class=\"wp-block-image\"><img decoding=\"async\" src=\"https:\/\/imagens.ebc.com.br\/H6v82uPgRr38drMmbDTgXIlQcSw=\/754x0\/smart\/https:\/\/agenciabrasil.ebc.com.br\/sites\/default\/files\/thumbnails\/image\/2025\/02\/28\/1_semestre.png?itok=iRiyCVMn\" alt=\"Calend\u00e1rio p\u00e9-de-meia - EJA - primeiro semestre \" title=\"Arte\/Ag\u00eancia Brasil\"\/><\/figure>\n\n\n\n<h2 class=\"wp-block-heading\"><strong>Arte\/Ag\u00eancia Brasil<\/strong><\/h2>\n\n\n\n<h2 class=\"wp-block-heading\">&nbsp;<\/h2>\n\n\n\n<h2 class=\"wp-block-heading\">&gt;&gt; Confira os prazos do calend\u00e1rio do P\u00e9-de-Meia 2025 para o EJA (segundo semestre):<\/h2>\n\n\n\n<h2 class=\"wp-block-heading\">&nbsp;<\/h2>\n\n\n\n<figure class=\"wp-block-image\"><img decoding=\"async\" src=\"https:\/\/imagens.ebc.com.br\/d5Ej0walJxDt4XCgW8bQjLeIPn4=\/754x0\/smart\/https:\/\/agenciabrasil.ebc.com.br\/sites\/default\/files\/thumbnails\/image\/2025\/02\/28\/2_semestre.png?itok=V1j_wW8z\" alt=\"Calend\u00e1rio p\u00e9-de-meia EJA - segundo semestre \" title=\"Arte\/Ag\u00eancia Brasil\"\/><\/figure>\n\n\n\n<h2 class=\"wp-block-heading\"><strong>Arte\/Ag\u00eancia Brasil<\/strong><\/h2>\n\n\n\n<h2 class=\"wp-block-heading\">Poupan\u00e7a do ensino m\u00e9dio<\/h2>\n\n\n\n<h2 class=\"wp-block-heading\">O programa federal do Minist\u00e9rio da Educa\u00e7\u00e3o (MEC) funciona como um incentivo financeiro para que o estudante de baixa renda da rede p\u00fablica permane\u00e7a na escola e se forme no ensino m\u00e9dio, sem abandonar os estudos para trabalhar.<\/h2>\n\n\n\n<p>O MEC afirma que o objetivo \u00e9 democratizar o acesso ao ensino m\u00e9dio e reduzir as desigualdades\u202fsociais entre os jovens, al\u00e9m\u202fde promover a inclus\u00e3o social pela educa\u00e7\u00e3o.<br><\/p>\n","protected":false},"excerpt":{"rendered":"<p>Parcela de R$ 200 ser\u00e1 depositado de forma escalonada at\u00e9 7 de abril Por Daniella<\/p>\n","protected":false},"author":2,"featured_media":101731,"comment_status":"open","ping_status":"open","sticky":false,"template":"","format":"standard","meta":{"footnotes":""},"categories":[17],"tags":[],"class_list":["post-101730","post","type-post","status-publish","format-standard","has-post-thumbnail","hentry","category-outras-noticias"],"_links":{"self":[{"href":"https:\/\/tvc16.com\/portal\/wp-json\/wp\/v2\/posts\/101730","targetHints":{"allow":["GET"]}}],"collection":[{"href":"https:\/\/tvc16.com\/portal\/wp-json\/wp\/v2\/posts"}],"about":[{"href":"https:\/\/tvc16.com\/portal\/wp-json\/wp\/v2\/types\/post"}],"author":[{"embeddable":true,"href":"https:\/\/tvc16.com\/portal\/wp-json\/wp\/v2\/users\/2"}],"replies":[{"embeddable":true,"href":"https:\/\/tvc16.com\/portal\/wp-json\/wp\/v2\/comments?post=101730"}],"version-history":[{"count":1,"href":"https:\/\/tvc16.com\/portal\/wp-json\/wp\/v2\/posts\/101730\/revisions"}],"predecessor-version":[{"id":101732,"href":"https:\/\/tvc16.com\/portal\/wp-json\/wp\/v2\/posts\/101730\/revisions\/101732"}],"wp:featuredmedia":[{"embeddable":true,"href":"https:\/\/tvc16.com\/portal\/wp-json\/wp\/v2\/media\/101731"}],"wp:attachment":[{"href":"https:\/\/tvc16.com\/portal\/wp-json\/wp\/v2\/media?parent=101730"}],"wp:term":[{"taxonomy":"category","embeddable":true,"href":"https:\/\/tvc16.com\/portal\/wp-json\/wp\/v2\/categories?post=101730"},{"taxonomy":"post_tag","embeddable":true,"href":"https:\/\/tvc16.com\/portal\/wp-json\/wp\/v2\/tags?post=101730"}],"curies":[{"name":"wp","href":"https:\/\/api.w.org\/{rel}","templated":true}]}}