{"id":10174,"date":"2021-02-08T15:56:58","date_gmt":"2021-02-08T18:56:58","guid":{"rendered":"https:\/\/tvc16.com\/portal\/?p=10174"},"modified":"2021-02-08T15:57:02","modified_gmt":"2021-02-08T18:57:02","slug":"jardins-do-museu-imperial-terao-portoes-abertos-ao-publico-a-partir-desta-terca-feira","status":"publish","type":"post","link":"https:\/\/tvc16.com\/portal\/2021\/02\/08\/jardins-do-museu-imperial-terao-portoes-abertos-ao-publico-a-partir-desta-terca-feira\/","title":{"rendered":"Jardins do Museu Imperial ter\u00e3o port\u00f5es abertos, ao p\u00fablico, a partir desta ter\u00e7a-feira"},"content":{"rendered":"\n<p>Os port\u00f5es dos jardins estar\u00e3o abertos ao p\u00fablico,  das 8h \u00e0s 17h<\/p>\n\n\n\n<p>Na manh\u00e3 desta segunda-feira, (8),  a entrada principal do Museu Imperial recebeu limpeza e aten\u00e7\u00e3o especial, do pessoal da manuten\u00e7\u00e3o. Tudo isto, porque h\u00e1 quase um ano que o Museu Imperial  est\u00e1 fechado ao p\u00fablico. O patrim\u00f4nio hist\u00f3rico mais importante de Petr\u00f3polis, vai reabrir, seus jardins, \u00e0  visita\u00e7\u00e3o das 8h \u00e0s 17h. E para quem quiser algo mais, a cafeteria dentro das depend\u00eancias do Museu, e a loja de souvenirs, funcionam das 10h \u00e0s 18h.<\/p>\n\n\n\n<p>A flexibiliza\u00e7\u00e3o acontece, gra\u00e7as a iniciativa da secretaria de Turismo  e demais entidades como PC&amp;VB, que atuaram junto a diretoria do Museu para que isto aconte\u00e7a. <\/p>\n\n\n\n<figure class=\"wp-block-image size-large\"><img loading=\"lazy\" decoding=\"async\" width=\"1024\" height=\"572\" src=\"https:\/\/tvc16.com\/portal\/wp-content\/uploads\/2021\/02\/20210208_153639-1024x572.jpg\" alt=\"\" class=\"wp-image-10176\" srcset=\"https:\/\/tvc16.com\/portal\/wp-content\/uploads\/2021\/02\/20210208_153639-1024x572.jpg 1024w, https:\/\/tvc16.com\/portal\/wp-content\/uploads\/2021\/02\/20210208_153639-300x168.jpg 300w, https:\/\/tvc16.com\/portal\/wp-content\/uploads\/2021\/02\/20210208_153639-768x429.jpg 768w, https:\/\/tvc16.com\/portal\/wp-content\/uploads\/2021\/02\/20210208_153639.jpg 1080w\" sizes=\"auto, (max-width: 1024px) 100vw, 1024px\" \/><figcaption>Manuten\u00e7\u00e3o para deixar tudo pronto para a reabertura do Museu Imperial <\/figcaption><\/figure>\n\n\n\n<p>O Museu Imperial recebeu uma doa\u00e7\u00e3o de 40 totens de \u00e1lcool em gel atrav\u00e9s do projeto \u201c#Numerosqueimportam\u201d do banco de investimento BTG Pactual.<\/p>\n\n\n\n<p>Os kits de higieniza\u00e7\u00e3o ficar\u00e3o espalhados por todo o Complexo do Museu Imperial visando a preven\u00e7\u00e3o do novo coronav\u00edrus.<\/p>\n\n\n\n<p>Alguns dos kits recebidos j\u00e1 est\u00e3o em uso pelos servidores e colaboradores da institui\u00e7\u00e3o. O quadro efetivo de funcion\u00e1rios retornou ao trabalho presencial escalonado no \u00faltimo dia 18 de janeiro, por\u00e9m, ainda n\u00e3o h\u00e1 previs\u00e3o de reabertura do museu ao p\u00fablico.<\/p>\n","protected":false},"excerpt":{"rendered":"<p>Os port\u00f5es dos jardins estar\u00e3o abertos ao p\u00fablico, das 8h \u00e0s 17h Na manh\u00e3 desta<\/p>\n","protected":false},"author":2,"featured_media":10175,"comment_status":"open","ping_status":"open","sticky":false,"template":"","format":"standard","meta":{"footnotes":""},"categories":[12],"tags":[],"class_list":["post-10174","post","type-post","status-publish","format-standard","has-post-thumbnail","hentry","category-cidade"],"_links":{"self":[{"href":"https:\/\/tvc16.com\/portal\/wp-json\/wp\/v2\/posts\/10174","targetHints":{"allow":["GET"]}}],"collection":[{"href":"https:\/\/tvc16.com\/portal\/wp-json\/wp\/v2\/posts"}],"about":[{"href":"https:\/\/tvc16.com\/portal\/wp-json\/wp\/v2\/types\/post"}],"author":[{"embeddable":true,"href":"https:\/\/tvc16.com\/portal\/wp-json\/wp\/v2\/users\/2"}],"replies":[{"embeddable":true,"href":"https:\/\/tvc16.com\/portal\/wp-json\/wp\/v2\/comments?post=10174"}],"version-history":[{"count":1,"href":"https:\/\/tvc16.com\/portal\/wp-json\/wp\/v2\/posts\/10174\/revisions"}],"predecessor-version":[{"id":10177,"href":"https:\/\/tvc16.com\/portal\/wp-json\/wp\/v2\/posts\/10174\/revisions\/10177"}],"wp:featuredmedia":[{"embeddable":true,"href":"https:\/\/tvc16.com\/portal\/wp-json\/wp\/v2\/media\/10175"}],"wp:attachment":[{"href":"https:\/\/tvc16.com\/portal\/wp-json\/wp\/v2\/media?parent=10174"}],"wp:term":[{"taxonomy":"category","embeddable":true,"href":"https:\/\/tvc16.com\/portal\/wp-json\/wp\/v2\/categories?post=10174"},{"taxonomy":"post_tag","embeddable":true,"href":"https:\/\/tvc16.com\/portal\/wp-json\/wp\/v2\/tags?post=10174"}],"curies":[{"name":"wp","href":"https:\/\/api.w.org\/{rel}","templated":true}]}}