{"id":101749,"date":"2025-04-02T08:00:00","date_gmt":"2025-04-02T11:00:00","guid":{"rendered":"https:\/\/tvc16.com\/portal\/?p=101749"},"modified":"2025-04-02T08:55:16","modified_gmt":"2025-04-02T11:55:16","slug":"aluna-da-rede-estadual-e-atual-parlamentar-juvenil-da-alerj-incentiva-novas-inscricoes-para-a-edicao-deste-ano","status":"publish","type":"post","link":"https:\/\/tvc16.com\/portal\/2025\/04\/02\/aluna-da-rede-estadual-e-atual-parlamentar-juvenil-da-alerj-incentiva-novas-inscricoes-para-a-edicao-deste-ano\/","title":{"rendered":"Aluna da rede estadual e atual parlamentar juvenil da Alerj incentiva novas inscri\u00e7\u00f5es para a edi\u00e7\u00e3o deste ano"},"content":{"rendered":"\n<p><em>Estudantes interessados podem se inscrever para a 16\u00aa edi\u00e7\u00e3o do Parlamento Juvenil (PJ) at\u00e9 o dia 10 de abril pelo site oficial do programa<\/em><\/p>\n\n\n\n<p>\u201cPara mim, foi realizador viver esta experi\u00eancia. E voc\u00ea tamb\u00e9m pode viver isso: ser um parlamentar juvenil e ter a oportunidade de mudar a hist\u00f3ria do seu munic\u00edpio\u201d. S\u00e3o com estas palavras que Isabelle Campos, de 16 anos, aluna do CB PM Elis\u00e2ngela Bessa Cordeiro, em Areal, no Centro-Sul Fluminense, e atual parlamentar juvenil 2024 da Assembleia Legislativa do Estado do Rio de Janeiro (Alerj), procura incentivar as novas inscri\u00e7\u00f5es para a 16\u00aa edi\u00e7\u00e3o do Parlamento Juvenil, durante campanha realizada nas redes sociais da Secretaria de Estado de Educa\u00e7\u00e3o (Seeduc-RJ). Os interessados podem se inscrever at\u00e9 o dia 10 de abril pelo site oficial&nbsp;<a href=\"http:\/\/www.parlamento-juvenil.rj.gov.br\/\" target=\"_blank\" rel=\"noreferrer noopener\">www.parlamento-juvenil.rj.gov.br<\/a>.&nbsp;<\/p>\n\n\n\n<p>A iniciativa, uma parceria entre a Seeduc e a Alerj, \u00e9 voltada&nbsp;para adolescentes entre 14 e 17 anos que estejam cursando a 1\u00aa ou 2\u00aa s\u00e9rie do Ensino M\u00e9dio na rede estadual de ensino. Por meio do projeto, cada cidade do estado poder\u00e1 ter o seu representante juvenil, que ir\u00e1 vivenciar, por uma semana, a rotina de um deputado estadual na Assembleia Legislativa.<\/p>\n\n\n\n<p>\u2013 Esta oportunidade nos faz olhar que temos palco e voz e, sobretudo, podemos fazer a diferen\u00e7a com a cria\u00e7\u00e3o de leis para o nosso estado \u2013 afirma Isabelle Campos, que foi rec\u00e9m-eleita no Parlamento Juvenil Mercosul e passar\u00e1 o cargo na Alerj em julho.<\/p>\n\n\n\n<p>A secret\u00e1ria de Estado de Educa\u00e7\u00e3o, Roberta Barreto, destaca a import\u00e2ncia da participa\u00e7\u00e3o dos jovens.<\/p>\n\n\n\n<p>\u2013 Este programa \u00e9 de extrema relev\u00e2ncia, pois ir\u00e1 possibilitar a forma\u00e7\u00e3o pol\u00edtica dos nossos alunos, trazendo a reflex\u00e3o cr\u00edtica, o exerc\u00edcio da cidadania, da democracia, da lideran\u00e7a, e, claro, a viv\u00eancia do processo legislativo, demonstrando a eles o quanto \u00e9 fundamental se preocupar com as necessidades da nossa popula\u00e7\u00e3o \u2013 diz a secret\u00e1ria.<\/p>\n\n\n\n<p><strong>Saiba mais sobre o Parlamento Juvenil<\/strong><\/p>\n\n\n\n<p>Os estudantes ser\u00e3o eleitos em suas escolas em vota\u00e7\u00f5es que ocorrer\u00e3o entre os dias 14 e 16 de abril. Durante o programa, os participantes aprendem sobre o funcionamento do Legislativo fluminense e apresentam propostas que podem tramitar na Alerj e se tornar leis estaduais.<\/p>\n\n\n\n<p>Ao longo desta iniciativa, os alunos tamb\u00e9m passar\u00e3o por cursos de qualifica\u00e7\u00e3o oferecidos pela Escola do Legislativo do Estado do Rio de Janeiro (Elerj), abordando temas como l\u00edngua portuguesa, gest\u00e3o or\u00e7ament\u00e1ria, \u00e9tica no servi\u00e7o p\u00fablico e t\u00e9cnicas legislativas. A capacita\u00e7\u00e3o presencial ocorrer\u00e1 entre 28 de abril e 16 de maio.<\/p>\n\n\n\n<p>J\u00e1 a Semana Parlamentar, per\u00edodo em que os jovens assumem fun\u00e7\u00f5es semelhantes \u00e0s de um deputado estadual, ser\u00e1 realizada entre 22 e 27 de junho. Durante essa fase, os integrantes conhecem a sede da Alerj, elegem a Mesa Diretora, formam comiss\u00f5es tem\u00e1ticas e apresentam seus pr\u00f3prios projetos de lei.<\/p>\n\n\n\n<p>Gostou e quer saber mais informa\u00e7\u00f5es de como acontecer\u00e1 a edi\u00e7\u00e3o deste ano? Acompanhe os sites e as redes sociais da Seeduc e da Alerj e confira as novidades sobre o Parlamentar Juvenil.<\/p>\n\n\n\n<p>Foto: Ana Cabral &#8211; Divulga\u00e7\u00e3o Seeduc-RJ<\/p>\n","protected":false},"excerpt":{"rendered":"<p>Estudantes interessados podem se inscrever para a 16\u00aa edi\u00e7\u00e3o do Parlamento Juvenil (PJ) at\u00e9 o<\/p>\n","protected":false},"author":2,"featured_media":101766,"comment_status":"open","ping_status":"open","sticky":false,"template":"","format":"standard","meta":{"footnotes":""},"categories":[17],"tags":[],"class_list":["post-101749","post","type-post","status-publish","format-standard","has-post-thumbnail","hentry","category-outras-noticias"],"_links":{"self":[{"href":"https:\/\/tvc16.com\/portal\/wp-json\/wp\/v2\/posts\/101749","targetHints":{"allow":["GET"]}}],"collection":[{"href":"https:\/\/tvc16.com\/portal\/wp-json\/wp\/v2\/posts"}],"about":[{"href":"https:\/\/tvc16.com\/portal\/wp-json\/wp\/v2\/types\/post"}],"author":[{"embeddable":true,"href":"https:\/\/tvc16.com\/portal\/wp-json\/wp\/v2\/users\/2"}],"replies":[{"embeddable":true,"href":"https:\/\/tvc16.com\/portal\/wp-json\/wp\/v2\/comments?post=101749"}],"version-history":[{"count":1,"href":"https:\/\/tvc16.com\/portal\/wp-json\/wp\/v2\/posts\/101749\/revisions"}],"predecessor-version":[{"id":101750,"href":"https:\/\/tvc16.com\/portal\/wp-json\/wp\/v2\/posts\/101749\/revisions\/101750"}],"wp:featuredmedia":[{"embeddable":true,"href":"https:\/\/tvc16.com\/portal\/wp-json\/wp\/v2\/media\/101766"}],"wp:attachment":[{"href":"https:\/\/tvc16.com\/portal\/wp-json\/wp\/v2\/media?parent=101749"}],"wp:term":[{"taxonomy":"category","embeddable":true,"href":"https:\/\/tvc16.com\/portal\/wp-json\/wp\/v2\/categories?post=101749"},{"taxonomy":"post_tag","embeddable":true,"href":"https:\/\/tvc16.com\/portal\/wp-json\/wp\/v2\/tags?post=101749"}],"curies":[{"name":"wp","href":"https:\/\/api.w.org\/{rel}","templated":true}]}}