{"id":101754,"date":"2025-04-02T08:49:45","date_gmt":"2025-04-02T11:49:45","guid":{"rendered":"https:\/\/tvc16.com\/portal\/?p=101754"},"modified":"2025-04-02T08:49:47","modified_gmt":"2025-04-02T11:49:47","slug":"petropolis-marca-presenca-no-experiencia-rio-em-belo-horizonte","status":"publish","type":"post","link":"https:\/\/tvc16.com\/portal\/2025\/04\/02\/petropolis-marca-presenca-no-experiencia-rio-em-belo-horizonte\/","title":{"rendered":"Petr\u00f3polis marca presen\u00e7a no \u201cExperi\u00eancia Rio\u201d, em Belo Horizonte"},"content":{"rendered":"\n<p>Com o objetivo de promover os pontos tur\u00edsticos e os eventos, Petr\u00f3polis marcou presen\u00e7a no \u201cExperi\u00eancia Rio de Janeiro\u201d, que aconteceu na segunda-feira, dia 31 de mar\u00e7o, em Belo Horizonte. A capital mineira foi uma das 14 cidades do Brasil escolhidas para receber o evento promovido pela Secretaria de Estado de Turismo do Rio de Janeiro (Setur-RJ) e pela TurisRio. O roadshow contou com a presen\u00e7a de especialistas dos principais atrativos e destinos do estado do Rio de Janeiro.<\/p>\n\n\n\n<p>Petr\u00f3polis se destacou ao participar do evento por meio da Secretaria de Turismo e do Petr\u00f3polis Convention &amp; Visitors Bureau (PCVB), promovendo viagens para os pontos tur\u00edsticos da cidade. &#8220;Conseguimos conversar com cerca de 120 empresas, entre ag\u00eancias de viagens e operadoras de turismo. A maioria n\u00e3o vendia pacotes para Petr\u00f3polis, mas, com o material que apresentamos, incluindo nosso novo v\u00eddeo motivacional, j\u00e1 planejam oferecer Petr\u00f3polis aos seus clientes&#8221;, afirmou o secret\u00e1rio de Turismo, Pablo Kling.<\/p>\n\n\n\n<p>O prefeito, Hingo Hammes, comentou a import\u00e2ncia da participa\u00e7\u00e3o nestes eventos.: \u201cPetr\u00f3polis \u00e9 uma das cidades de maior destaque no turismo no estado, participar de eventos que promovem nossos atrativos \u00e9 fundamental para atrair mais turistas e tamb\u00e9m para entender como podemos atender melhor os operadores\u201d.<\/p>\n\n\n\n<p>O secret\u00e1rio acrescentou que as festas tradicionais como a Bauernfest e o Natal Imperial j\u00e1 est\u00e3o no radar das empresas mineiras e que em breve tamb\u00e9m estar\u00e1 nos pacotes o projeto \u201cSom e Luz\u201d, realizado no Museu Imperial. \u201cO retorno do projeto \u2018Som &amp; Luz\u2019, uma iniciativa significativa do prefeito Hingo Hammes, foi muito bem recebido e j\u00e1 est\u00e1 sendo aguardado com grande expectativa\u201d, concluiu Pablo Kling.<\/p>\n\n\n\n<p>Durante o evento, o p\u00fablico teve a oportunidade de vivenciar uma imers\u00e3o no que h\u00e1 de melhor no Rio de Janeiro, por meio de v\u00eddeos, talkshows e atra\u00e7\u00f5es culturais. O projeto teve como objetivo apresentar as potencialidades do RJ aos agentes, operadores e toda a cadeia produtiva do turismo local, al\u00e9m de fomentar a atividade econ\u00f4mica do segmento em Belo Horizonte.<\/p>\n\n\n\n<p>&#8220;Nesta edi\u00e7\u00e3o, trazemos o &#8216;Experi\u00eancia Rio de Janeiro&#8217;, mostrando todas as nossas potencialidades, sobretudo as do interior, promovendo as 12 regi\u00f5es tur\u00edsticas do Estado. Importante frisar que, historicamente, Minas Gerais \u00e9 um grande emissor de turistas ao Rio de Janeiro, n\u00e3o apenas \u00e0 capital, mas tamb\u00e9m ao interior&#8221;, ressaltou o secret\u00e1rio de Estado de Turismo, Gustavo Tutuca.<\/p>\n\n\n\n<p>Petr\u00f3polis estar\u00e1 presente em outras edi\u00e7\u00f5es do evento:<\/p>\n\n\n\n<p>02 de abril &#8211; Bras\u00edlia\/DF<br>03 de abril &#8211; Goi\u00e2nia\/GO<br>27 de maio &#8211; Porto Alegre\/RS<br>29 de maio &#8211; Curitiba\/PR<br>10 de junho &#8211; Campo Grande Cuiab\u00e1\/MS<br>12 de junho &#8211; Cuiab\u00e1\/MT<br>07 de agosto &#8211; Recife\/PE<br>18 de agosto &#8211; S\u00e3o Jos\u00e9 dos Campos\/SP<br>19 de agosto \u2013 Campinas\/SP<br>21 de agosto \u2013 Ribeir\u00e3o Preto\/SP<br>01 de setembro \u2013 Uberl\u00e2ndia\/MG<br>03 de setembro \u2013 S\u00e3o Paulo\/SP<br>25 de novembro \u2013 Rio de Janeiro\/RJ<\/p>\n","protected":false},"excerpt":{"rendered":"<p>Com o objetivo de promover os pontos tur\u00edsticos e os eventos, Petr\u00f3polis marcou presen\u00e7a no<\/p>\n","protected":false},"author":2,"featured_media":101755,"comment_status":"open","ping_status":"open","sticky":false,"template":"","format":"standard","meta":{"footnotes":""},"categories":[12],"tags":[],"class_list":["post-101754","post","type-post","status-publish","format-standard","has-post-thumbnail","hentry","category-cidade"],"_links":{"self":[{"href":"https:\/\/tvc16.com\/portal\/wp-json\/wp\/v2\/posts\/101754","targetHints":{"allow":["GET"]}}],"collection":[{"href":"https:\/\/tvc16.com\/portal\/wp-json\/wp\/v2\/posts"}],"about":[{"href":"https:\/\/tvc16.com\/portal\/wp-json\/wp\/v2\/types\/post"}],"author":[{"embeddable":true,"href":"https:\/\/tvc16.com\/portal\/wp-json\/wp\/v2\/users\/2"}],"replies":[{"embeddable":true,"href":"https:\/\/tvc16.com\/portal\/wp-json\/wp\/v2\/comments?post=101754"}],"version-history":[{"count":1,"href":"https:\/\/tvc16.com\/portal\/wp-json\/wp\/v2\/posts\/101754\/revisions"}],"predecessor-version":[{"id":101756,"href":"https:\/\/tvc16.com\/portal\/wp-json\/wp\/v2\/posts\/101754\/revisions\/101756"}],"wp:featuredmedia":[{"embeddable":true,"href":"https:\/\/tvc16.com\/portal\/wp-json\/wp\/v2\/media\/101755"}],"wp:attachment":[{"href":"https:\/\/tvc16.com\/portal\/wp-json\/wp\/v2\/media?parent=101754"}],"wp:term":[{"taxonomy":"category","embeddable":true,"href":"https:\/\/tvc16.com\/portal\/wp-json\/wp\/v2\/categories?post=101754"},{"taxonomy":"post_tag","embeddable":true,"href":"https:\/\/tvc16.com\/portal\/wp-json\/wp\/v2\/tags?post=101754"}],"curies":[{"name":"wp","href":"https:\/\/api.w.org\/{rel}","templated":true}]}}