{"id":101757,"date":"2025-04-02T08:51:17","date_gmt":"2025-04-02T11:51:17","guid":{"rendered":"https:\/\/tvc16.com\/portal\/?p=101757"},"modified":"2025-04-02T08:51:20","modified_gmt":"2025-04-02T11:51:20","slug":"mostra-audiovisual-celebra-historia-e-memoria-de-petropolis","status":"publish","type":"post","link":"https:\/\/tvc16.com\/portal\/2025\/04\/02\/mostra-audiovisual-celebra-historia-e-memoria-de-petropolis\/","title":{"rendered":"Mostra audiovisual celebra hist\u00f3ria e mem\u00f3ria de Petr\u00f3polis"},"content":{"rendered":"\n<p><em>Escolas municipais produzem filmes que destacam patrim\u00f4nios hist\u00f3ricos e culturais da cidade<\/em><\/p>\n\n\n\n<p>A cidade de Petr\u00f3polis, que recentemente completou 182 anos, \u00e9 a inspira\u00e7\u00e3o para uma mostra de filmes produzidos por alunos das escolas p\u00fablicas municipais, organizada pela Prefeitura de Petr\u00f3polis, por interm\u00e9dio da Secretaria de Educa\u00e7\u00e3o. As produ\u00e7\u00f5es audiovisuais destacam elementos hist\u00f3ricos, culturais e naturais encontrados nos diversos distritos petropolitanos.<\/p>\n\n\n\n<p>A mostra teve in\u00edcio no Centro Cultural de Pedro do Rio, onde foram exibidos trabalhos das escolas Carlos Canedo, Monsenhor Jo\u00e3o de Deus e Major The\u00f3filo de Carvalho. Em seguida, as sess\u00f5es seguiram para o CEU das Artes, situado na Pra\u00e7a Corta Rio, no distrito da Posse, com v\u00eddeos das unidades Oswaldo Costa Frias e Mzda Avelino de Carvalho.<\/p>\n\n\n\n<p>O objetivo principal do evento \u00e9 estimular estudantes a conhecerem e valorizarem o patrim\u00f4nio local, incentivando a pesquisa e o registro das mem\u00f3rias regionais. Por meio desses filmes, as comunidades escolares fortalecem la\u00e7os com suas localidades, contribuindo para a preserva\u00e7\u00e3o das tradi\u00e7\u00f5es.<\/p>\n\n\n\n<p>O prefeito Hingo Hammes ressaltou a import\u00e2ncia educativa e cultural da iniciativa. \u201cEsses filmes produzidos pelos alunos s\u00e3o fundamentais para refor\u00e7ar o orgulho dos moradores sobre sua hist\u00f3ria. \u00c9 um meio poderoso de conectar gera\u00e7\u00f5es e assegurar que as futuras preservem nossa mem\u00f3ria\u201d.<\/p>\n\n\n\n<p>Alexandre Gurgel, secret\u00e1rio municipal de Educa\u00e7\u00e3o, destacou o envolvimento das escolas no processo criativo. \u201cEssa atividade vai al\u00e9m das salas de aula, permitindo aos estudantes explorarem de forma pr\u00e1tica a identidade da cidade, entendendo melhor sua hist\u00f3ria e suas caracter\u00edsticas \u00fanicas\u201d, afirmou.<\/p>\n\n\n\n<p>Ao longo da mostra, os estudantes tamb\u00e9m participam de debates com professores e convidados especiais, aprofundando ainda mais o conhecimento adquirido durante o desenvolvimento dos projetos. Essa troca de experi\u00eancias \u00e9 fundamental para fortalecer a aprendizagem.<\/p>\n","protected":false},"excerpt":{"rendered":"<p>Escolas municipais produzem filmes que destacam patrim\u00f4nios hist\u00f3ricos e culturais da cidade A cidade de<\/p>\n","protected":false},"author":2,"featured_media":101758,"comment_status":"open","ping_status":"open","sticky":false,"template":"","format":"standard","meta":{"footnotes":""},"categories":[12],"tags":[],"class_list":["post-101757","post","type-post","status-publish","format-standard","has-post-thumbnail","hentry","category-cidade"],"_links":{"self":[{"href":"https:\/\/tvc16.com\/portal\/wp-json\/wp\/v2\/posts\/101757","targetHints":{"allow":["GET"]}}],"collection":[{"href":"https:\/\/tvc16.com\/portal\/wp-json\/wp\/v2\/posts"}],"about":[{"href":"https:\/\/tvc16.com\/portal\/wp-json\/wp\/v2\/types\/post"}],"author":[{"embeddable":true,"href":"https:\/\/tvc16.com\/portal\/wp-json\/wp\/v2\/users\/2"}],"replies":[{"embeddable":true,"href":"https:\/\/tvc16.com\/portal\/wp-json\/wp\/v2\/comments?post=101757"}],"version-history":[{"count":1,"href":"https:\/\/tvc16.com\/portal\/wp-json\/wp\/v2\/posts\/101757\/revisions"}],"predecessor-version":[{"id":101759,"href":"https:\/\/tvc16.com\/portal\/wp-json\/wp\/v2\/posts\/101757\/revisions\/101759"}],"wp:featuredmedia":[{"embeddable":true,"href":"https:\/\/tvc16.com\/portal\/wp-json\/wp\/v2\/media\/101758"}],"wp:attachment":[{"href":"https:\/\/tvc16.com\/portal\/wp-json\/wp\/v2\/media?parent=101757"}],"wp:term":[{"taxonomy":"category","embeddable":true,"href":"https:\/\/tvc16.com\/portal\/wp-json\/wp\/v2\/categories?post=101757"},{"taxonomy":"post_tag","embeddable":true,"href":"https:\/\/tvc16.com\/portal\/wp-json\/wp\/v2\/tags?post=101757"}],"curies":[{"name":"wp","href":"https:\/\/api.w.org\/{rel}","templated":true}]}}