{"id":101763,"date":"2025-04-03T06:00:00","date_gmt":"2025-04-03T09:00:00","guid":{"rendered":"https:\/\/tvc16.com\/portal\/?p=101763"},"modified":"2025-04-02T08:53:51","modified_gmt":"2025-04-02T11:53:51","slug":"prefeitura-de-petropolis-e-centro-educacional-terra-santa-reinauguram-sala-de-inovacao-e-tecnologia-do-etic","status":"publish","type":"post","link":"https:\/\/tvc16.com\/portal\/2025\/04\/03\/prefeitura-de-petropolis-e-centro-educacional-terra-santa-reinauguram-sala-de-inovacao-e-tecnologia-do-etic\/","title":{"rendered":"Prefeitura de Petr\u00f3polis e Centro Educacional Terra Santa reinauguram sala de inova\u00e7\u00e3o e tecnologia do ETIC"},"content":{"rendered":"\n<p>A Prefeitura por meio da secretaria de Desenvolvimento Econ\u00f4mico, e o Centro Educacional Terra Santa reinauguraram a sala de Inova\u00e7\u00e3o e Tecnologia. O ambiente faz parte dos Espa\u00e7os de Tecnologia e Inclus\u00e3o Comunit\u00e1ria (ETICs) da secretaria de Desenvolvimento.<\/p>\n\n\n\n<p>\u201cOs Etics s\u00e3o uma oportunidade para oferecer aos jovens de Petr\u00f3polis oportunidades de se desenvolverem no cen\u00e1rio da tecnologia, um caminho para desenvolver os jovens da cidade em um setor de potencial ilimitado\u201d, explica o prefeito Hingo Hammes.<\/p>\n\n\n\n<p>Durante o evento foram apresentados os projetos sociais, casos de pessoas atendidas pelo projeto e os estudantes do CEI prepararam uma apresenta\u00e7\u00e3o de agradecimento aos convidados, \u201cPassar aqui e ver o tanto que essa a\u00e7\u00e3o impacta na vida desses jovens \u00e9 transformador. Petr\u00f3polis, agora como Capital Tecnol\u00f3gica do Rio de Janeiro, precisa caminhar conforme o t\u00edtulo e precisamos tornar as oportunidades que este mercado gera inclusiva para todos\u201d, celebra o secret\u00e1rio de Desenvolvimento Samir El Ghaoui.<\/p>\n\n\n\n<p>O ETIC Terra Santa atende cerca de 150 jovens, adultos e idosos dos Projetos Sociais do Terra Santa, e alunos de fora da institui\u00e7\u00e3o, que recebem aulas de inicia\u00e7\u00e3o digital e manuten\u00e7\u00e3o de computadores. \u201cPara cada idade temos um trabalho diferente, temos alunos que nunca mexeram com um computador, ent\u00e3o essa \u00e9 uma oportunidade para que eles possam ser inseridos nesse mercado de trabalho e tenham as mesmas oportunidades que outros jovens\u201d, comenta a coordenadora do Centro Educacional Terra Santa Andrea Bade.<\/p>\n\n\n\n<p>Para mais informa\u00e7\u00f5es sobre o ETIC Terra Santa, os interessados podem entrar em contato por meio do telefone (24) 2242-0525, ou diretamente com a secretaria do Centro Educacional na rua Monsenhor Bacelar, 590 &#8211; Centro. A revitaliza\u00e7\u00e3o foi realizada pela Prefeitura com apoio da Sicoob Credirochas, Projeto Orange e emenda parlamentar do Deputado Hugo Leal.<\/p>\n","protected":false},"excerpt":{"rendered":"<p>A Prefeitura por meio da secretaria de Desenvolvimento Econ\u00f4mico, e o Centro Educacional Terra Santa<\/p>\n","protected":false},"author":2,"featured_media":101764,"comment_status":"open","ping_status":"open","sticky":false,"template":"","format":"standard","meta":{"footnotes":""},"categories":[12],"tags":[],"class_list":["post-101763","post","type-post","status-publish","format-standard","has-post-thumbnail","hentry","category-cidade"],"_links":{"self":[{"href":"https:\/\/tvc16.com\/portal\/wp-json\/wp\/v2\/posts\/101763","targetHints":{"allow":["GET"]}}],"collection":[{"href":"https:\/\/tvc16.com\/portal\/wp-json\/wp\/v2\/posts"}],"about":[{"href":"https:\/\/tvc16.com\/portal\/wp-json\/wp\/v2\/types\/post"}],"author":[{"embeddable":true,"href":"https:\/\/tvc16.com\/portal\/wp-json\/wp\/v2\/users\/2"}],"replies":[{"embeddable":true,"href":"https:\/\/tvc16.com\/portal\/wp-json\/wp\/v2\/comments?post=101763"}],"version-history":[{"count":1,"href":"https:\/\/tvc16.com\/portal\/wp-json\/wp\/v2\/posts\/101763\/revisions"}],"predecessor-version":[{"id":101765,"href":"https:\/\/tvc16.com\/portal\/wp-json\/wp\/v2\/posts\/101763\/revisions\/101765"}],"wp:featuredmedia":[{"embeddable":true,"href":"https:\/\/tvc16.com\/portal\/wp-json\/wp\/v2\/media\/101764"}],"wp:attachment":[{"href":"https:\/\/tvc16.com\/portal\/wp-json\/wp\/v2\/media?parent=101763"}],"wp:term":[{"taxonomy":"category","embeddable":true,"href":"https:\/\/tvc16.com\/portal\/wp-json\/wp\/v2\/categories?post=101763"},{"taxonomy":"post_tag","embeddable":true,"href":"https:\/\/tvc16.com\/portal\/wp-json\/wp\/v2\/tags?post=101763"}],"curies":[{"name":"wp","href":"https:\/\/api.w.org\/{rel}","templated":true}]}}