{"id":101767,"date":"2025-04-02T08:59:11","date_gmt":"2025-04-02T11:59:11","guid":{"rendered":"https:\/\/tvc16.com\/portal\/?p=101767"},"modified":"2025-04-02T09:04:49","modified_gmt":"2025-04-02T12:04:49","slug":"alunos-da-rede-publica-do-rio-terao-exame-e-oculos-de-graca","status":"publish","type":"post","link":"https:\/\/tvc16.com\/portal\/2025\/04\/02\/alunos-da-rede-publica-do-rio-terao-exame-e-oculos-de-graca\/","title":{"rendered":"Alunos da rede p\u00fablica do Rio ter\u00e3o exame e \u00f3culos de gra\u00e7a"},"content":{"rendered":"\n<p><em>\u00c9 o Projeto Vis\u00e3o Esperan\u00e7a que busca melhorar desempenho escolar<\/em><\/p>\n\n\n\n<p>Por Ag\u00eancia Brasil \/ Foto: Bruno Peres\/Ag\u00eancia Brasil<\/p>\n\n\n\n<p><\/p>\n\n\n\n<p>A Escola Municipal Maria Leopoldina, no bairro Gl\u00f3ria, regi\u00e3o central do Rio, inicia&nbsp;nesta quarta-feira (2) o Projeto Vis\u00e3o Esperan\u00e7a. A iniciativa \u00e9 da organiza\u00e7\u00e3o n\u00e3o governamental (ONG) Parceiros da Educa\u00e7\u00e3o Rio, uma a\u00e7\u00e3o que garante atendimento oftalmol\u00f3gico e doa\u00e7\u00e3o de \u00f3culos a&nbsp;estudantes da rede municipal de ensino que enfrentam dificuldades para enxergar. Mais de 5 mil crian\u00e7as do ensino fundamental ser\u00e3o atendidas pelo projeto este ano.<img decoding=\"async\" src=\"https:\/\/agenciabrasil.ebc.com.br\/ebc.png?id=1636966&amp;o=node\"><img decoding=\"async\" src=\"https:\/\/agenciabrasil.ebc.com.br\/ebc.gif?id=1636966&amp;o=node\"><\/p>\n\n\n\n<p>De acordo com&nbsp;levantamento da&nbsp;Ag\u00eancia Internacional para a Preven\u00e7\u00e3o da Cegueira (IAPB) e pela Funda\u00e7\u00e3o Seva, feito em 2024, crian\u00e7as com problemas de vis\u00e3o aprendem 50% menos do que aquelas com vis\u00e3o normal ou corrigida. No Brasil, quase 800 mil estudantes t\u00eam&nbsp;dificuldades para enxergar, colocando o pa\u00eds na terceira posi\u00e7\u00e3o do ranking global, atr\u00e1s apenas dos Estados Unidos e da China.<\/p>\n\n\n\n<p>O projeto tem o objetivo&nbsp;de&nbsp;minimizar esse impacto no desempenho escolar. Segundo a ONG Parceiros da Educa\u00e7\u00e3o Rio, entre 10% e 20% dos alunos da rede p\u00fablica apresentam dificuldades visuais, comprometendo a aprendizagem e perman\u00eancia na escola.<\/p>\n\n\n\n<p>De acordo com o diretor executivo da ONG, Luiz Octavio Lima, \u201co projeto Vis\u00e3o Esperan\u00e7a \u00e9 mais uma das a\u00e7\u00f5es que lutam pela inclus\u00e3o e pelo direito \u00e0 educa\u00e7\u00e3o de qualidade para todos. A expectativa \u00e9 que a iniciativa amplie ainda mais o impacto neste&nbsp;ano, garantindo que mais crian\u00e7as possam enxergar melhor e, consequentemente, aprender mais,\u201d avaliou.<\/p>\n\n\n\n<p>Em 2024, o projeto beneficiou mais de 4 mil crian\u00e7as, distribuindo cerca&nbsp;de 400 \u00f3culos de grau. A meta para 2025 \u00e9 oferecer 5 mil exames oftalmol\u00f3gicos e doar 500 \u00f3culos para estudantes de 19 escolas municipais do Rio.<\/p>\n\n\n\n<p>A a\u00e7\u00e3o do projeto ocorre em tr\u00eas etapas: triagem, avalia\u00e7\u00e3o m\u00e9dica e entrega dos \u00f3culos. A triagem e os exames s\u00e3o conduzidos por profissionais da cl\u00ednica Vita Oftalmologia, atendendo a alunos do 1\u00ba ao 5\u00ba ano da rede municipal.<br><\/p>\n","protected":false},"excerpt":{"rendered":"<p>\u00c9 o Projeto Vis\u00e3o Esperan\u00e7a que busca melhorar desempenho escolar Por Ag\u00eancia Brasil \/ Foto:<\/p>\n","protected":false},"author":2,"featured_media":101769,"comment_status":"open","ping_status":"open","sticky":false,"template":"","format":"standard","meta":{"footnotes":""},"categories":[17],"tags":[],"class_list":["post-101767","post","type-post","status-publish","format-standard","has-post-thumbnail","hentry","category-outras-noticias"],"_links":{"self":[{"href":"https:\/\/tvc16.com\/portal\/wp-json\/wp\/v2\/posts\/101767","targetHints":{"allow":["GET"]}}],"collection":[{"href":"https:\/\/tvc16.com\/portal\/wp-json\/wp\/v2\/posts"}],"about":[{"href":"https:\/\/tvc16.com\/portal\/wp-json\/wp\/v2\/types\/post"}],"author":[{"embeddable":true,"href":"https:\/\/tvc16.com\/portal\/wp-json\/wp\/v2\/users\/2"}],"replies":[{"embeddable":true,"href":"https:\/\/tvc16.com\/portal\/wp-json\/wp\/v2\/comments?post=101767"}],"version-history":[{"count":1,"href":"https:\/\/tvc16.com\/portal\/wp-json\/wp\/v2\/posts\/101767\/revisions"}],"predecessor-version":[{"id":101768,"href":"https:\/\/tvc16.com\/portal\/wp-json\/wp\/v2\/posts\/101767\/revisions\/101768"}],"wp:featuredmedia":[{"embeddable":true,"href":"https:\/\/tvc16.com\/portal\/wp-json\/wp\/v2\/media\/101769"}],"wp:attachment":[{"href":"https:\/\/tvc16.com\/portal\/wp-json\/wp\/v2\/media?parent=101767"}],"wp:term":[{"taxonomy":"category","embeddable":true,"href":"https:\/\/tvc16.com\/portal\/wp-json\/wp\/v2\/categories?post=101767"},{"taxonomy":"post_tag","embeddable":true,"href":"https:\/\/tvc16.com\/portal\/wp-json\/wp\/v2\/tags?post=101767"}],"curies":[{"name":"wp","href":"https:\/\/api.w.org\/{rel}","templated":true}]}}