{"id":10178,"date":"2021-02-08T19:11:58","date_gmt":"2021-02-08T22:11:58","guid":{"rendered":"https:\/\/tvc16.com\/portal\/?p=10178"},"modified":"2021-02-08T19:13:01","modified_gmt":"2021-02-08T22:13:01","slug":"funcionarios-do-banco-do-brasil-aprovam-estado-de-greve-e-paralisacao-na-proxima-quarta-feira","status":"publish","type":"post","link":"https:\/\/tvc16.com\/portal\/2021\/02\/08\/funcionarios-do-banco-do-brasil-aprovam-estado-de-greve-e-paralisacao-na-proxima-quarta-feira\/","title":{"rendered":"Funcion\u00e1rios do Banco do Brasil aprovam estado de greve e paralisa\u00e7\u00e3o para a pr\u00f3xima quarta-feira"},"content":{"rendered":"\n<p><strong>Trabalhadores lutam contra demiss\u00f5es, fechamento de ag\u00eancias e projeto de privatiza\u00e7\u00e3o do Banco do Brasil<\/strong><\/p>\n\n\n\n<p>Em assembleias feitas em todo o pa\u00eds de maneira online, funcion\u00e1rios do Banco do Brasil&nbsp; aprovaram o Estado de Greve, al\u00e9m de paralisa\u00e7\u00e3o por tempo determinado, das 0h00 \u00e0s 23h59, no dia 10 de fevereiro. \u201cOs funcion\u00e1rios mostraram que querem negociar. Exigem que o banco seja transparente<\/p>\n\n\n\n<p>Na base do Sindicato dos Empregados em Estabelecimentos Banc\u00e1rios, Financi\u00e1rios e Empresas do Ramo Financeiro de Curitiba e regi\u00e3o, a paralisa\u00e7\u00e3o foi aprovada por 74% dos funcion\u00e1rios que votaram na assembleia. O Estado de Greve \u00e9 um alerta para que a dire\u00e7\u00e3o do banco e o governo se atente para as reivindica\u00e7\u00f5es dos trabalhadores e abram negocia\u00e7\u00e3o para que se evite a deflagra\u00e7\u00e3o da greve.<\/p>\n\n\n\n<p>\u201cTemos que estar preparados para o pior, pois temos no comando do Pa\u00eds um governo que, declaradamente, quer acabar com os diretos dos trabalhadores e que v\u00ea o funcionalismo como um problema para seu projeto privatista. Um governo que quer, a qualquer custo, acabar com o Banco do Brasil\u201d, completou a dirigente sindical Fernanda Lopes.<\/p>\n\n\n\n<p><strong>Press\u00e3o<\/strong><\/p>\n\n\n\n<p>Os funcion\u00e1rios est\u00e3o pressionando a dire\u00e7\u00e3o do BB para que seja transparente e abra negocia\u00e7\u00f5es com rela\u00e7\u00e3o ao plano que prev\u00ea a demiss\u00e3o de 5 mil funcion\u00e1rios (em plena pandemia), al\u00e9m do fechamento de 112 ag\u00eancias, 242 postos de atendimento e sete escrit\u00f3rios. Na quarta-feira (03), os funcion\u00e1rios realizaram reuni\u00e3o com o Minist\u00e9rio P\u00fablico do Trabalho (MPT) para pedir interven\u00e7\u00e3o do \u00f3rg\u00e3o na busca de informa\u00e7\u00f5es.<\/p>\n\n\n\n<p>\u201cProcuramos a intermedia\u00e7\u00e3o do MPT porque a dire\u00e7\u00e3o do banco, pela primeira vez, se recusou a nos informar sobre mudan\u00e7as que afetam os funcion\u00e1rios de forma contundente\u201d, afirmou o coordenador da CEBB, Jo\u00e3o Fukunaga. O banco se comprometeu na reuni\u00e3o a submeter a pauta com os pontos destacados pela Contraf-CUT \u00e0 inst\u00e2ncia superior e trazer a resposta at\u00e9 a pr\u00f3xima audi\u00eancia com o MPT, na segunda-feira (8).<\/p>\n\n\n\n<p>At\u00e9 o in\u00edcio da manh\u00e3 desta segunda-feira, n\u00e3o havia um posicionamento oficial da dire\u00e7\u00e3o do BB.<\/p>\n\n\n\n<p>com rela\u00e7\u00e3o ao plano que est\u00e1 em implanta\u00e7\u00e3o. Queremos saber quantas e quais ag\u00eancias ser\u00e3o fechadas, quantos funcion\u00e1rios ser\u00e3o afetados e o que o banco pretende fazer para que os trabalhadores n\u00e3o sejam, mais uma vez, prejudicados\u201d, disse o coordenador da Comiss\u00e3o de Empresa dos Funcion\u00e1rios do Banco do Brasil (CEBB), Jo\u00e3o Fukunaga.<\/p>\n\n\n\n<p>Fonte: bandab.com.br<\/p>\n","protected":false},"excerpt":{"rendered":"<p>Trabalhadores lutam contra demiss\u00f5es, fechamento de ag\u00eancias e projeto de privatiza\u00e7\u00e3o do Banco do Brasil<\/p>\n","protected":false},"author":2,"featured_media":10179,"comment_status":"open","ping_status":"open","sticky":false,"template":"","format":"standard","meta":{"footnotes":""},"categories":[17],"tags":[],"class_list":["post-10178","post","type-post","status-publish","format-standard","has-post-thumbnail","hentry","category-outras-noticias"],"_links":{"self":[{"href":"https:\/\/tvc16.com\/portal\/wp-json\/wp\/v2\/posts\/10178","targetHints":{"allow":["GET"]}}],"collection":[{"href":"https:\/\/tvc16.com\/portal\/wp-json\/wp\/v2\/posts"}],"about":[{"href":"https:\/\/tvc16.com\/portal\/wp-json\/wp\/v2\/types\/post"}],"author":[{"embeddable":true,"href":"https:\/\/tvc16.com\/portal\/wp-json\/wp\/v2\/users\/2"}],"replies":[{"embeddable":true,"href":"https:\/\/tvc16.com\/portal\/wp-json\/wp\/v2\/comments?post=10178"}],"version-history":[{"count":2,"href":"https:\/\/tvc16.com\/portal\/wp-json\/wp\/v2\/posts\/10178\/revisions"}],"predecessor-version":[{"id":10181,"href":"https:\/\/tvc16.com\/portal\/wp-json\/wp\/v2\/posts\/10178\/revisions\/10181"}],"wp:featuredmedia":[{"embeddable":true,"href":"https:\/\/tvc16.com\/portal\/wp-json\/wp\/v2\/media\/10179"}],"wp:attachment":[{"href":"https:\/\/tvc16.com\/portal\/wp-json\/wp\/v2\/media?parent=10178"}],"wp:term":[{"taxonomy":"category","embeddable":true,"href":"https:\/\/tvc16.com\/portal\/wp-json\/wp\/v2\/categories?post=10178"},{"taxonomy":"post_tag","embeddable":true,"href":"https:\/\/tvc16.com\/portal\/wp-json\/wp\/v2\/tags?post=10178"}],"curies":[{"name":"wp","href":"https:\/\/api.w.org\/{rel}","templated":true}]}}