{"id":101782,"date":"2025-04-02T09:21:00","date_gmt":"2025-04-02T12:21:00","guid":{"rendered":"https:\/\/tvc16.com\/portal\/?p=101782"},"modified":"2025-04-02T09:21:03","modified_gmt":"2025-04-02T12:21:03","slug":"servidores-publicos-tem-ate-o-dia-30-de-abril-para-validar-cadastro","status":"publish","type":"post","link":"https:\/\/tvc16.com\/portal\/2025\/04\/02\/servidores-publicos-tem-ate-o-dia-30-de-abril-para-validar-cadastro\/","title":{"rendered":"Servidores p\u00fablicos t\u00eam at\u00e9 o dia 30 de abril para validar cadastro"},"content":{"rendered":"\n<p><em>Medida \u00e9 obrigat\u00f3ria para ativos, aposentados e pensionistas<\/em><\/p>\n\n\n\n<p>Por Daniella Almeida &#8211; Rep\u00f3rter da Ag\u00eancia Brasil \/ Foto: Bruno Peres\/Ag\u00eancia Brasil<br><\/p>\n\n\n\n<p><strong>Os servidores p\u00fablicos ativos, aposentados e pensionistas devem obrigatoriamente fazer a valida\u00e7\u00e3o cadastral anual at\u00e9 30 de abril<\/strong>&nbsp;para garantirem o acesso a servi\u00e7os e benef\u00edcios.<img decoding=\"async\" src=\"https:\/\/agenciabrasil.ebc.com.br\/ebc.png?id=1637055&amp;o=node\"><img decoding=\"async\" src=\"https:\/\/agenciabrasil.ebc.com.br\/ebc.gif?id=1637055&amp;o=node\"><\/p>\n\n\n\n<p><strong>O procedimento deve ser feito exclusivamente na plataforma digital do governo federal<\/strong>&nbsp;que oferece servi\u00e7os de gest\u00e3o de pessoas a servidores p\u00fablicos, o&nbsp;<a href=\"https:\/\/www.gov.br\/servidor\/pt-br\/assuntos\/sou-gov\" target=\"_blank\" rel=\"noreferrer noopener\">SouGov.br<\/a>, na tela de Valida\u00e7\u00e3o Cadastral.<\/p>\n\n\n\n<p><strong>Os dados a serem validados s\u00e3o pessoais e funcionais<\/strong>&nbsp;e, de acordo com o Minist\u00e9rio da Gest\u00e3o e da Inova\u00e7\u00e3o em Servi\u00e7os P\u00fablicos (MGI), a atualiza\u00e7\u00e3o cadastral tamb\u00e9m representa uma medida de seguran\u00e7a para prevenir fraudes.<\/p>\n\n\n\n<p><strong>Atualmente, s\u00e3o 412.783 aposentados e 288.150 pensionistas no poder executivo federal.<\/strong>&nbsp;At\u00e9 o momento, o MGI contabiliza que 27% dos aposentados, cerca de 43 mil, e mais de 18 mil pensionistas (19,43%) j\u00e1 fizeram a valida\u00e7\u00e3o cadastral.<\/p>\n\n\n\n<p>O MGI anunciou que os aposentados e pensionistas com pend\u00eancia na prova de vida podem faz\u00ea-la imediatamente ap\u00f3s finalizarem a valida\u00e7\u00e3o, no mesmo portal do servidor.&nbsp;<a href=\"http:\/\/https\/\/www.gov.br\/governodigital\/pt-br\/identidade\/prova-de-vida\" target=\"_blank\" rel=\"noreferrer noopener\">Esse procedimento<\/a>&nbsp;tamb\u00e9m deve ser feito anualmente para continuar a receber os pagamentos.<\/p>\n\n\n\n<h2 class=\"wp-block-heading\">Passo a passo<\/h2>\n\n\n\n<p>A valida\u00e7\u00e3o cadastral \u00e9 feita em cinco etapas:&nbsp;<\/p>\n\n\n\n<ul class=\"wp-block-list\">\n<li>autodeclara\u00e7\u00f5es<\/li>\n\n\n\n<li>dados pessoais\u00a0<\/li>\n\n\n\n<li>contatos\u00a0<\/li>\n\n\n\n<li>documentos e\u00a0<\/li>\n\n\n\n<li>outros dados.\u00a0<\/li>\n<\/ul>\n\n\n\n<p>Ao acessar o processo pela internet no aplicativo SouGov, a tela de valida\u00e7\u00e3o cadastral automaticamente ser\u00e1 apresentada ao usu\u00e1rio.&nbsp;<\/p>\n\n\n\n<p>O aposentado deve confirmar se tem mais de uma aposentadoria ou pens\u00e3o, que podem ser do Regime Pr\u00f3prio de Previd\u00eancia Social (RPPS), do Instituto Nacional do Seguro Social (INSS), selecionando a op\u00e7\u00e3o correta antes de avan\u00e7ar.<\/p>\n\n\n\n<p>No segundo momento, os dados pessoais aparecem ao internauta. As informa\u00e7\u00f5es j\u00e1 estar\u00e3o preenchidas e o usu\u00e1rio deve apenas verificar se est\u00e3o corretas ou se precisam ser alteradas antes de confirmar e seguir para a pr\u00f3xima fase.<\/p>\n\n\n\n<p>Na terceira etapa, referente aos contatos, \u00e9 necess\u00e1rio conferir os telefone, e-mail e endere\u00e7o cadastrados e, se necess\u00e1rio, atualiz\u00e1-los.<\/p>\n\n\n\n<p>Se o benefici\u00e1rio precisar interromper o processo a qualquer momento, pode clicar em \u201cSalvar para continuar depois\u201d e finalizar quando for mais conveniente.&nbsp;<\/p>\n\n\n\n<p>Quem perder o prazo, ap\u00f3s 30 de abril somente conseguir\u00e1 acessar os demais servi\u00e7os do SouGov.br se terminar a valida\u00e7\u00e3o.<\/p>\n\n\n\n<h2 class=\"wp-block-heading\">D\u00favidas<\/h2>\n\n\n\n<p>O Minist\u00e9rio da Gest\u00e3o&nbsp;<a href=\"https:\/\/www.gov.br\/servidor\/pt-br\/acesso-a-informacao\/faq\/sou-gov.br\/atualizacao-cadastral\/atualizacao-cadastral\" target=\"_blank\" rel=\"noreferrer noopener\">criou um site<\/a>&nbsp;com explica\u00e7\u00f5es sobre como validar os dados cadastrais.<\/p>\n\n\n\n<p>Em caso de d\u00favidas, o MGI orienta que o usu\u00e1rio entre em contato com o Departamento de Gest\u00e3o de Pessoas do \u00f3rg\u00e3o ao qual o aposentado ou pensionista est\u00e3o vinculados.&nbsp;<\/p>\n\n\n\n<p><strong>\u00c9 importante que os dados pessoais nunca sejam fornecidos por telefone ou mensagens n\u00e3o oficiais.<\/strong>&nbsp;<\/p>\n\n\n\n<p><strong>O MGI recomenda ficar atento e sempre desconfiar de solicita\u00e7\u00f5es de informa\u00e7\u00f5es que pare\u00e7am suspeitas.<\/strong><\/p>\n","protected":false},"excerpt":{"rendered":"<p>Medida \u00e9 obrigat\u00f3ria para ativos, aposentados e pensionistas Por Daniella Almeida &#8211; Rep\u00f3rter da Ag\u00eancia<\/p>\n","protected":false},"author":2,"featured_media":101783,"comment_status":"open","ping_status":"open","sticky":false,"template":"","format":"standard","meta":{"footnotes":""},"categories":[17],"tags":[],"class_list":["post-101782","post","type-post","status-publish","format-standard","has-post-thumbnail","hentry","category-outras-noticias"],"_links":{"self":[{"href":"https:\/\/tvc16.com\/portal\/wp-json\/wp\/v2\/posts\/101782","targetHints":{"allow":["GET"]}}],"collection":[{"href":"https:\/\/tvc16.com\/portal\/wp-json\/wp\/v2\/posts"}],"about":[{"href":"https:\/\/tvc16.com\/portal\/wp-json\/wp\/v2\/types\/post"}],"author":[{"embeddable":true,"href":"https:\/\/tvc16.com\/portal\/wp-json\/wp\/v2\/users\/2"}],"replies":[{"embeddable":true,"href":"https:\/\/tvc16.com\/portal\/wp-json\/wp\/v2\/comments?post=101782"}],"version-history":[{"count":1,"href":"https:\/\/tvc16.com\/portal\/wp-json\/wp\/v2\/posts\/101782\/revisions"}],"predecessor-version":[{"id":101784,"href":"https:\/\/tvc16.com\/portal\/wp-json\/wp\/v2\/posts\/101782\/revisions\/101784"}],"wp:featuredmedia":[{"embeddable":true,"href":"https:\/\/tvc16.com\/portal\/wp-json\/wp\/v2\/media\/101783"}],"wp:attachment":[{"href":"https:\/\/tvc16.com\/portal\/wp-json\/wp\/v2\/media?parent=101782"}],"wp:term":[{"taxonomy":"category","embeddable":true,"href":"https:\/\/tvc16.com\/portal\/wp-json\/wp\/v2\/categories?post=101782"},{"taxonomy":"post_tag","embeddable":true,"href":"https:\/\/tvc16.com\/portal\/wp-json\/wp\/v2\/tags?post=101782"}],"curies":[{"name":"wp","href":"https:\/\/api.w.org\/{rel}","templated":true}]}}