{"id":101785,"date":"2025-04-02T09:23:06","date_gmt":"2025-04-02T12:23:06","guid":{"rendered":"https:\/\/tvc16.com\/portal\/?p=101785"},"modified":"2025-04-02T09:23:08","modified_gmt":"2025-04-02T12:23:08","slug":"entregadores-mantem-paralisacao-por-melhores-condicoes-de-trabalho","status":"publish","type":"post","link":"https:\/\/tvc16.com\/portal\/2025\/04\/02\/entregadores-mantem-paralisacao-por-melhores-condicoes-de-trabalho\/","title":{"rendered":"Entregadores mant\u00eam paralisa\u00e7\u00e3o por melhores condi\u00e7\u00f5es de trabalho"},"content":{"rendered":"\n<p><em>Entre as reivindica\u00e7\u00f5es est\u00e3o uma taxa m\u00ednima de R$ 10 por corrida<\/em><\/p>\n\n\n\n<p>Por Camila Boehm, Pedro Peduzzi e Vitor Abdala &#8211; Rep\u00f3rteres da Ag\u00eancia Brasil \/ Foto: Paulo Pinto\/Ag\u00eancia Brasil<\/p>\n\n\n\n<p><\/p>\n\n\n\n<p>Entregadores que trabalham em plataformas digitais continuam mobilizados nesta ter\u00e7a-feira (1\u00b0) em diferentes cidades brasileiras&nbsp;contra a precariza\u00e7\u00e3o e por melhores condi\u00e7\u00f5es de trabalho. No Rio de Janeiro, participantes de uma manifesta\u00e7\u00e3o na zona norte da cidade foram presos e autuados. Em S\u00e3o Paulo, lideran\u00e7as do movimento foram recebidas para discuss\u00e3o de reivindica\u00e7\u00f5es&nbsp;na sede do&nbsp;<em>iFood.<\/em><img decoding=\"async\" src=\"https:\/\/agenciabrasil.ebc.com.br\/ebc.png?id=1637038&amp;o=node\"><img decoding=\"async\" src=\"https:\/\/agenciabrasil.ebc.com.br\/ebc.gif?id=1637038&amp;o=node\"><\/p>\n\n\n\n<p>Ontem (31), a categoria circulou e realizou atos pela Grande S\u00e3o Paulo, inclusive em frente ao escrit\u00f3rio do aplicativo&nbsp;<em>iFood<\/em>, reivindicando melhores condi\u00e7\u00f5es de trabalho e remunera\u00e7\u00e3o justa.<\/p>\n\n\n\n<figure class=\"wp-block-image\"><img decoding=\"async\" src=\"https:\/\/imagens.ebc.com.br\/QV5KjTaGEs0P0iVK_mbLK0JXu7U=\/754x0\/smart\/https:\/\/agenciabrasil.ebc.com.br\/sites\/default\/files\/thumbnails\/image\/2025\/03\/31\/pint7997.jpg?itok=FzPRyA6V\" alt=\"S\u00e3o Paulo (SP), 31\/03\/2025 - Entregadores de aplicativos de delivery em greve fazem manifesta\u00e7\u00e3o na frente a sede do iFood em Osasco. Foto: Paulo Pinto\/Ag\u00eancia Brasil\" title=\"Paulo Pinto\/Ag\u00eancia Brasil\"\/><\/figure>\n\n\n\n<h6 class=\"wp-block-heading\">Entregadores de aplicativos de delivery em greve fazem manifesta\u00e7\u00e3o na frente a sede do iFood em Osasco&nbsp;<strong>Paulo Pinto\/Ag\u00eancia Brasil<\/strong><\/h6>\n\n\n\n<p>Entre as estrat\u00e9gias dos&nbsp;trabalhadores est\u00e1 tentar&nbsp;mobilizar estabelecimentos para que n\u00e3o abram pedidos por aplicativos.<\/p>\n\n\n\n<p>O Sindicato dos Mensageiros Motociclistas, Ciclistas e Mototaxistas do Estado de S\u00e3o Paulo (Sindimotosp) descreve que,&nbsp;<strong>&#8220;atualmente,&nbsp;os entregadores enfrentam longas horas de jornada de trabalho, recebem um valor de entrega que n\u00e3o \u00e9 suficiente para uma razo\u00e1vel renda mensal nem para o pagamento de contas ou investimento em equipamentos de seguran\u00e7a&#8221;<\/strong>.<\/p>\n\n\n\n<p>Al\u00e9m disso, &#8220;n\u00e3o possuem sequer condi\u00e7\u00f5es m\u00ednimas de trabalho, sendo abandonados pelas empresas de&nbsp;<em>app<\/em>&nbsp;em caso de acidentes ou \u00f3bito\u201d, disse o sindicato, em nota.<\/p>\n\n\n\n<p><strong>Reinvindica\u00e7\u00f5es dos entregadores:<\/strong><\/p>\n\n\n\n<ul class=\"wp-block-list\">\n<li><strong>Taxa m\u00ednima de R$ 10 por corridas de at\u00e9 4 quil\u00f4metros (km);<\/strong><\/li>\n\n\n\n<li><strong>Aumento do valor para R$ 2,50 por km;<\/strong><\/li>\n\n\n\n<li><strong>Limita\u00e7\u00e3o das entregas com bicicletas a um raio m\u00e1ximo de 3 km;<\/strong><\/li>\n\n\n\n<li><strong>Pagamento integral de taxa por cada um dos pedidos, mesmo em entregas agrupadas na mesma rota.<\/strong><\/li>\n<\/ul>\n\n\n\n<p>A Associa\u00e7\u00e3o Brasileira de Bares e Restaurantes de S\u00e3o Paulo (Abrasel SP) afirmou que&nbsp;<strong>a paralisa\u00e7\u00e3o dos entregadores, chamada de Breque dos Apps, afetou significativamente bares e restaurantes na segunda-feira<\/strong>. Segundo levantamento da entidade, realizado com associados da capital paulista, empres\u00e1rios que operam unicamente com o aplicativo&nbsp;<em>iFood<\/em>&nbsp;tiveram queda de 100% nas entregas, durante a paralisa\u00e7\u00e3o.<\/p>\n\n\n\n<p>Aqueles que utilizam m\u00faltiplas plataformas sentiram um impacto menor, mas ainda expressivo, ressaltou a entidade, com queda no movimento de entregas estimada entre 70% e 80%, na compara\u00e7\u00e3o com uma segunda-feira comum.&nbsp;<strong>J\u00e1 os estabelecimentos que contam com frota pr\u00f3pria de entregadores registraram crescimento nas entregas, segundo a Abrasel SP, com aumento de at\u00e9 50% na demanda<\/strong>.<\/p>\n\n\n\n<p>O&nbsp;<em>iFood<\/em>&nbsp;disse, em nota, que segue monitorando as manifesta\u00e7\u00f5es e trabalha para manter a opera\u00e7\u00e3o. Segundo a empresa, atualmente, 60% dos pedidos intermediados pela plataforma s\u00e3o entregues pelos pr\u00f3prios restaurantes.<\/p>\n\n\n\n<p>\u201cCom o objetivo de ouvir os entregadores, o&nbsp;<em>iFood<\/em>&nbsp;confirma que se reuniu com nove representantes dos manifestantes na tarde de segunda-feira (31), no escrit\u00f3rio da empresa em Osasco. Reafirmando sua abertura ao di\u00e1logo, foram discutidas as principais demandas apresentadas pelo movimento e ficou acordado que o&nbsp;<em>iFood<\/em>&nbsp;retornar\u00e1 com devolutivas para as lideran\u00e7as\u201d, disse a empresa.<\/p>\n\n\n\n<figure class=\"wp-block-image\"><img decoding=\"async\" src=\"https:\/\/imagens.ebc.com.br\/o1BR4HMiyPuBOnDZldIsbLlR8aY=\/754x0\/smart\/https:\/\/agenciabrasil.ebc.com.br\/sites\/default\/files\/thumbnails\/image\/2025\/03\/31\/pint8026.jpg?itok=8hyCUkav\" alt=\"S\u00e3o Paulo (SP), 31\/03\/2025 - Entregadores de aplicativos de delivery em greve fazem manifesta\u00e7\u00e3o na frente a sede do iFood em Osasco. Foto: Paulo Pinto\/Ag\u00eancia Brasil\" title=\"Paulo Pinto\/Ag\u00eancia Brasil\"\/><\/figure>\n\n\n\n<h6 class=\"wp-block-heading\">&nbsp;Entregadores de aplicativos de delivery em greve fazem manifesta\u00e7\u00e3o na frente a sede do iFood em Osasco&nbsp;<strong>Paulo Pinto\/Ag\u00eancia Brasil<\/strong><\/h6>\n\n\n\n<h2 class=\"wp-block-heading\">Rio de Janeiro<\/h2>\n\n\n\n<p>Na capital fluminense, a pol\u00edcia foi chamada para intervir em um protesto de entregadores na Tijuca, na zona norte da cidade, na segunda-feira. Segundo a Pol\u00edcia Militar, alguns entregadores reclamaram que estavam sendo impedidos de trabalhar&nbsp;pelos manifestantes.<\/p>\n\n\n\n<p>Pelo menos 13 pessoas foram encaminhadas \u00e0 delegacia do bairro, de acordo com a Pol\u00edcia Civil, das quais seis foram autuadas pelos crimes de associa\u00e7\u00e3o criminosa e atentado contra a liberdade de trabalho, j\u00e1 que, de acordo com a pol\u00edcia, eles amea\u00e7aram e coagiram entregadores para que eles aderissem \u00e0 paralisa\u00e7\u00e3o.<\/p>\n\n\n\n<p>Nesta ter\u00e7a-feira, os entregadores fizeram um buzina\u00e7o no bairro de Botafogo, na zona sul da cidade.<\/p>\n\n\n\n<h2 class=\"wp-block-heading\">Distrito Federal<\/h2>\n\n\n\n<p>Em Bras\u00edlia, o movimento paredista de motociclistas profissionais mobilizou cerca de 1,5 mil profissionais. Nos dois dias, foram feitas manifesta\u00e7\u00f5es na Esplanada dos Minist\u00e9rios e nos shoppings da cidade.&nbsp;<\/p>\n\n\n\n<p><strong>Segundo o presidente do Sindicato dos Motociclistas profissionais de Bras\u00edlia (Sindimoto-DF), Luiz Carlos Garcia Galv\u00e3o, essa ades\u00e3o corresponde a pelo menos 70% da categoria.<\/strong><\/p>\n\n\n\n<blockquote class=\"wp-block-quote is-layout-flow wp-block-quote-is-layout-flow\">\n<p>\u201cOrganizamos dois dias de manifesta\u00e7\u00e3o, que culminam nesse 1\u00ba de abril, Dia da Mentira, tendo como mote as mentiras que tanto s\u00e3o deflagradas por essas empresas de aplicativos que lucram milh\u00f5es em cima do nosso suor. Eles mentem que atenderam a nossas demandas. Por isso queremos que o governo federal intervenha, para intermediar a situa\u00e7\u00e3o\u201d, disse \u00e0&nbsp;<strong>Ag\u00eancia Brasil<\/strong>.<\/p>\n<\/blockquote>\n\n\n\n<p>Nesta ter\u00e7a-feira, os entregadores refor\u00e7aram a mobiliza\u00e7\u00e3o nos shoppings da capital federal, na busca por ampliar ainda mais a ades\u00e3o da categoria.&nbsp;<\/p>\n\n\n\n<p>\u201cFelizmente contamos com a solidariedade de representantes sindicais de estabelecimentos do segmento de bares e restaurantes. Mesmo com o preju\u00edzo causado para alguns deles, boa parte tem nos dado apoio por saberem que esta \u00e9 uma solu\u00e7\u00e3o necess\u00e1ria para que a coisa continue funcionando\u201d, disse o presidente do Sindimoto-DF.<\/p>\n","protected":false},"excerpt":{"rendered":"<p>Entre as reivindica\u00e7\u00f5es est\u00e3o uma taxa m\u00ednima de R$ 10 por corrida Por Camila Boehm,<\/p>\n","protected":false},"author":2,"featured_media":101786,"comment_status":"open","ping_status":"open","sticky":false,"template":"","format":"standard","meta":{"footnotes":""},"categories":[17],"tags":[],"class_list":["post-101785","post","type-post","status-publish","format-standard","has-post-thumbnail","hentry","category-outras-noticias"],"_links":{"self":[{"href":"https:\/\/tvc16.com\/portal\/wp-json\/wp\/v2\/posts\/101785","targetHints":{"allow":["GET"]}}],"collection":[{"href":"https:\/\/tvc16.com\/portal\/wp-json\/wp\/v2\/posts"}],"about":[{"href":"https:\/\/tvc16.com\/portal\/wp-json\/wp\/v2\/types\/post"}],"author":[{"embeddable":true,"href":"https:\/\/tvc16.com\/portal\/wp-json\/wp\/v2\/users\/2"}],"replies":[{"embeddable":true,"href":"https:\/\/tvc16.com\/portal\/wp-json\/wp\/v2\/comments?post=101785"}],"version-history":[{"count":1,"href":"https:\/\/tvc16.com\/portal\/wp-json\/wp\/v2\/posts\/101785\/revisions"}],"predecessor-version":[{"id":101787,"href":"https:\/\/tvc16.com\/portal\/wp-json\/wp\/v2\/posts\/101785\/revisions\/101787"}],"wp:featuredmedia":[{"embeddable":true,"href":"https:\/\/tvc16.com\/portal\/wp-json\/wp\/v2\/media\/101786"}],"wp:attachment":[{"href":"https:\/\/tvc16.com\/portal\/wp-json\/wp\/v2\/media?parent=101785"}],"wp:term":[{"taxonomy":"category","embeddable":true,"href":"https:\/\/tvc16.com\/portal\/wp-json\/wp\/v2\/categories?post=101785"},{"taxonomy":"post_tag","embeddable":true,"href":"https:\/\/tvc16.com\/portal\/wp-json\/wp\/v2\/tags?post=101785"}],"curies":[{"name":"wp","href":"https:\/\/api.w.org\/{rel}","templated":true}]}}