{"id":101788,"date":"2025-04-02T09:25:49","date_gmt":"2025-04-02T12:25:49","guid":{"rendered":"https:\/\/tvc16.com\/portal\/?p=101788"},"modified":"2025-04-02T09:25:51","modified_gmt":"2025-04-02T12:25:51","slug":"realizado-em-2022-censo-preve-mais-divulgacoes-ao-longo-de-2025","status":"publish","type":"post","link":"https:\/\/tvc16.com\/portal\/2025\/04\/02\/realizado-em-2022-censo-preve-mais-divulgacoes-ao-longo-de-2025\/","title":{"rendered":"Realizado em 2022, Censo prev\u00ea mais divulga\u00e7\u00f5es ao longo de 2025"},"content":{"rendered":"\n<p><em>Novas informa\u00e7\u00f5es incluem dados de PCDs e autismo<\/em><\/p>\n\n\n\n<p>Por Bruno de Freitas Moura &#8211; Rep\u00f3rter da Ag\u00eancia Brasil \/ Foto: T\u00e2nia R\u00eago\/Ag\u00eancia Brasil<br><\/p>\n\n\n\n<p><strong>Realizado no segundo semestre de 2022, o Censo Demogr\u00e1fico do&nbsp;<a href=\"https:\/\/agenciabrasil.ebc.com.br\/tags\/ibge\" target=\"_blank\" rel=\"noreferrer noopener\">Instituto Brasileiro de Geografia e Estat\u00edstica<\/a>&nbsp;(IBGE)&nbsp;ainda prev\u00ea novas divulga\u00e7\u00f5es ao longo de 2025.<\/strong>&nbsp;O instituto anunciou&nbsp;esta semana o calend\u00e1rio de divulga\u00e7\u00e3o que se estende at\u00e9 o quarto trimestre do ano. Entre as estat\u00edsticas que ser\u00e3o conhecidas est\u00e3o o n\u00famero de pessoas com defici\u00eancia (PCD) e autistas.<img decoding=\"async\" src=\"https:\/\/agenciabrasil.ebc.com.br\/ebc.png?id=1637032&amp;o=node\"><img decoding=\"async\" src=\"https:\/\/agenciabrasil.ebc.com.br\/ebc.gif?id=1637032&amp;o=node\"><\/p>\n\n\n\n<p>O cronograma completo trar\u00e1 informa\u00e7\u00f5es adquiridas por meio do question\u00e1rio universal \u2013 aplicado em todas as resid\u00eancias \u2013 e dados do question\u00e1rio ampliado, aplicado em amostras de domic\u00edlios de todo o pa\u00eds.<\/p>\n\n\n\n<p>Os n\u00fameros que ainda ser\u00e3o de conhecimento da sociedade brasileira abrangem temas como educa\u00e7\u00e3o, religi\u00e3o, fecundidade, nupcialidade, trabalho e rendimento, migra\u00e7\u00e3o e deslocamento para estudo e trabalho. Ainda est\u00e3o previstos mais detalhes sobre as popula\u00e7\u00f5es quilombola e ind\u00edgena.<\/p>\n\n\n\n<p>O resultado do Censo 2022 come\u00e7ou a ser conhecido em junho de 2023. Desde ent\u00e3o, o pa\u00eds tem informa\u00e7\u00f5es atualizadas sobre sexo, cor, idade, alfabetiza\u00e7\u00e3o e caracter\u00edsticas de domic\u00edlios. O IBGE mant\u00e9m um&nbsp;<a href=\"https:\/\/censo2022.ibge.gov.br\/panorama\/\" target=\"_blank\" rel=\"noreferrer noopener\"><em>site<\/em>&nbsp;especial<\/a>&nbsp;com um resumo dos principais destaques.<\/p>\n\n\n\n<h2 class=\"wp-block-heading\">O que j\u00e1 se sabe:<\/h2>\n\n\n\n<p><strong>O Brasil&nbsp;em 2022 tinha:<\/strong><\/p>\n\n\n\n<ul class=\"wp-block-list\">\n<li>mais de 203 milh\u00f5es de habitantes (203.080.756)<\/li>\n\n\n\n<li>51,5% eram mulheres<\/li>\n\n\n\n<li>pretos e pardos representando\u00a0<a href=\"https:\/\/agenciabrasil.ebc.com.br\/economia\/noticia\/2023-12\/censo-2022-populacao-parda-supera-branca-pela-1a-vez\" target=\"_blank\" rel=\"noreferrer noopener\">mais de metade da popula\u00e7\u00e3o<\/a><\/li>\n\n\n\n<li>8,1% residindo em favelas<\/li>\n\n\n\n<li>um em cada cinco domic\u00edlios com apenas um morador<\/li>\n\n\n\n<li>0,54% dos domic\u00edlios com c\u00f4njuges do mesmo sexo<\/li>\n<\/ul>\n\n\n\n<p>A \u00faltima divulga\u00e7\u00e3o foi em fevereiro de 2025 e trouxe estat\u00edsticas referentes \u00e0&nbsp;educa\u00e7\u00e3o, como a marca de&nbsp;<a href=\"https:\/\/agenciabrasil.ebc.com.br\/geral\/noticia\/2025-02\/brasileiros-adultos-com-ensino-superior-completo-chegam-184\" target=\"_blank\" rel=\"noreferrer noopener\">18,4% dos brasileiros adultos com ensino superior<\/a>.<\/p>\n\n\n\n<h2 class=\"wp-block-heading\">Brevidade e confiabilidade<\/h2>\n\n\n\n<p>A coordenadora do censo, Giulia Scappini, afirma que \u201co IBGE entende a necessidade de disponibilizar os dados do censo, que s\u00e3o balizadores para defini\u00e7\u00f5es de diversas pol\u00edticas p\u00fablicas e privadas, com a maior brevidade poss\u00edvel\u201d.<\/p>\n\n\n\n<p>Ela acrescenta que o instituto inovou na estrat\u00e9gia de divulga\u00e7\u00e3o, \u201capresentando os resultados tema a tema, \u00e0 medida que as etapas de tratamentos dos dados v\u00e3o sendo finalizadas\u201d.<\/p>\n\n\n\n<p>Giulia Scappini pontua que j\u00e1 foram distribu\u00eddos mais de 25 produtos desde o fim da coleta do censo, com previs\u00e3o de mais de uma dezena de publica\u00e7\u00f5es ao longo de 2025.<\/p>\n\n\n\n<p><strong>As informa\u00e7\u00f5es obtidas pelos recenseadores passam por v\u00e1rias etapas internas que buscam garantir a ado\u00e7\u00e3o dos mais altos padr\u00f5es de confiabilidade.<\/strong><\/p>\n\n\n\n<p>\u201cPor conta da dimens\u00e3o da investiga\u00e7\u00e3o dos question\u00e1rios do Censo, o tratamento dos dados \u00e9 naturalmente uma etapa de grande complexidade. \u00c9 preciso um olhar atento e cuidadoso sobre cada uma das informa\u00e7\u00f5es coletadas, identificando inconsist\u00eancias e validando os resultados\u201d, diz a coordenadora.<\/p>\n\n\n\n<h2 class=\"wp-block-heading\">Novos an\u00fancios&nbsp;em 2025<\/h2>\n\n\n\n<p><strong>A pr\u00f3xima divulga\u00e7\u00e3o prevista ser\u00e1 no dia 17 de abril, quando ser\u00e3o reveladas estat\u00edsticas sobre as caracter\u00edsticas urban\u00edsticas do entorno dos domic\u00edlios.<\/strong><\/p>\n\n\n\n<p>Confira abaixo o calend\u00e1rio de divulga\u00e7\u00e3o trimestral elaborado pelo IBGE (o instituto faz a ressalva que, devido \u00e0 complexidade das etapas de tratamento dos dados, poder\u00e3o ser feitos ajustes no calend\u00e1rio).<\/p>\n\n\n\n<p><strong>Resultados do universo (todos os domic\u00edlios):<\/strong><\/p>\n\n\n\n<ul class=\"wp-block-list\">\n<li>Caracter\u00edsticas Urban\u00edsticas do Entorno dos Domic\u00edlios \u2013 2\u00ba trimestre de 2025<\/li>\n\n\n\n<li>Quilombolas: Principais caracter\u00edsticas das pessoas e dos domic\u00edlios, por situa\u00e7\u00e3o urbana ou rural do domic\u00edlio \u2013 2\u00ba trimestre de 2025<\/li>\n\n\n\n<li>Unidades de Conserva\u00e7\u00e3o \u2013 3\u00ba trimestre de 2025<\/li>\n\n\n\n<li>Question\u00e1rio de abordagem em localidades ind\u00edgenas \u2013 3\u00ba trimestre de 2025<\/li>\n\n\n\n<li>Etnia e l\u00edngua ind\u00edgenas \u2013 3\u00ba trimestre de 2025<\/li>\n\n\n\n<li>Favelas e Comunidades urbanas: Informa\u00e7\u00f5es territoriais \u2013 4\u00ba trimestre de 2025<\/li>\n<\/ul>\n\n\n\n<p><strong>Resultados preliminares da amostra (sele\u00e7\u00e3o aleat\u00f3ria de domic\u00edlios):<\/strong><\/p>\n\n\n\n<ul class=\"wp-block-list\">\n<li>Pessoas com defici\u00eancia e Autismo \u2013 2\u00ba trimestre de 2025<\/li>\n\n\n\n<li>Religi\u00e3o \u2013 2\u00ba trimestre de 2025<\/li>\n\n\n\n<li>Fecundidade \u2013 2\u00ba trimestre de 2025<\/li>\n\n\n\n<li>Nupcialidade e fam\u00edlia \u2013 2\u00ba trimestre de 2025<\/li>\n\n\n\n<li>Migra\u00e7\u00e3o \u2013 2\u00ba trimestre de 2025<\/li>\n\n\n\n<li>Trabalho e rendimento \u2013 3\u00ba trimestre de 2025<\/li>\n\n\n\n<li>Deslocamentos para estudo e para trabalho \u2013 3\u00ba trimestre de 2025<\/li>\n<\/ul>\n\n\n\n<p><strong>Resultados da amostra (sele\u00e7\u00e3o aleat\u00f3ria de domic\u00edlios):<\/strong><\/p>\n\n\n\n<ul class=\"wp-block-list\">\n<li>Microdados da amostra \u2013 3\u00ba trimestre de 2025<\/li>\n\n\n\n<li>\u00c1reas de Pondera\u00e7\u00e3o \u2013 3\u00ba trimestre de 2025<\/li>\n\n\n\n<li>Ind\u00edgenas e Quilombolas \u2013 4\u00ba trimestre de 2025<\/li>\n\n\n\n<li>Resultados gerais da amostra \u2013 4\u00ba trimestre de 2025<\/li>\n<\/ul>\n","protected":false},"excerpt":{"rendered":"<p>Novas informa\u00e7\u00f5es incluem dados de PCDs e autismo Por Bruno de Freitas Moura &#8211; Rep\u00f3rter<\/p>\n","protected":false},"author":2,"featured_media":101789,"comment_status":"open","ping_status":"open","sticky":false,"template":"","format":"standard","meta":{"footnotes":""},"categories":[17],"tags":[],"class_list":["post-101788","post","type-post","status-publish","format-standard","has-post-thumbnail","hentry","category-outras-noticias"],"_links":{"self":[{"href":"https:\/\/tvc16.com\/portal\/wp-json\/wp\/v2\/posts\/101788","targetHints":{"allow":["GET"]}}],"collection":[{"href":"https:\/\/tvc16.com\/portal\/wp-json\/wp\/v2\/posts"}],"about":[{"href":"https:\/\/tvc16.com\/portal\/wp-json\/wp\/v2\/types\/post"}],"author":[{"embeddable":true,"href":"https:\/\/tvc16.com\/portal\/wp-json\/wp\/v2\/users\/2"}],"replies":[{"embeddable":true,"href":"https:\/\/tvc16.com\/portal\/wp-json\/wp\/v2\/comments?post=101788"}],"version-history":[{"count":1,"href":"https:\/\/tvc16.com\/portal\/wp-json\/wp\/v2\/posts\/101788\/revisions"}],"predecessor-version":[{"id":101790,"href":"https:\/\/tvc16.com\/portal\/wp-json\/wp\/v2\/posts\/101788\/revisions\/101790"}],"wp:featuredmedia":[{"embeddable":true,"href":"https:\/\/tvc16.com\/portal\/wp-json\/wp\/v2\/media\/101789"}],"wp:attachment":[{"href":"https:\/\/tvc16.com\/portal\/wp-json\/wp\/v2\/media?parent=101788"}],"wp:term":[{"taxonomy":"category","embeddable":true,"href":"https:\/\/tvc16.com\/portal\/wp-json\/wp\/v2\/categories?post=101788"},{"taxonomy":"post_tag","embeddable":true,"href":"https:\/\/tvc16.com\/portal\/wp-json\/wp\/v2\/tags?post=101788"}],"curies":[{"name":"wp","href":"https:\/\/api.w.org\/{rel}","templated":true}]}}