{"id":101800,"date":"2025-04-03T05:00:00","date_gmt":"2025-04-03T08:00:00","guid":{"rendered":"https:\/\/tvc16.com\/portal\/?p=101800"},"modified":"2025-04-02T13:49:49","modified_gmt":"2025-04-02T16:49:49","slug":"dia-d-detran-rj-atende-publico-pcd-com-prioridade-nesta-segunda-7-4","status":"publish","type":"post","link":"https:\/\/tvc16.com\/portal\/2025\/04\/03\/dia-d-detran-rj-atende-publico-pcd-com-prioridade-nesta-segunda-7-4\/","title":{"rendered":"Dia D: Detran.RJ atende p\u00fablico PCD com prioridade nesta segunda (7\/4)"},"content":{"rendered":"\n<p>Em homenagem ao Dia Mundial de Conscientiza\u00e7\u00e3o do Autismo, o Detran.RJ vai realizar, nesta segunda-feira (7\/4), a primeira edi\u00e7\u00e3o deste ano do Dia D. Nesta data, o p\u00fablico poder\u00e1 se inscrever no programa Cidadania Sobre Rodas, que &nbsp;oferece aulas gratuitas de dire\u00e7\u00e3o para pessoas com defici\u00eancia que precisam de carro adaptado. A inscri\u00e7\u00e3o para o programa poder\u00e1 ser feita no Posto Detran Acess\u00edvel &#8211; PCD, das 8h \u00e0s 16h, ou em 20 Ciretrans espalhadas pelo estado (ver rela\u00e7\u00e3o abaixo). As vagas s\u00e3o limitadas.<\/p>\n\n\n\n<p>No Dia D, o usu\u00e1rio PCD poder\u00e1 realizar servi\u00e7os de identifica\u00e7\u00e3o civil e habilita\u00e7\u00e3o, sem necessidade de agendamento pr\u00e9vio, nas seguintes unidades: Am\u00e9ricas Shopping, Areal, Angra dos Reis, Araruama, Francisco Bicalho, Barra da Tijuca, Barra do Pira\u00ed, Barra Mansa, Belford Roxo, Bom Jardim, Bom Jesus de Itabapoana, Botafogo (Fia), B\u00fazios, Cabo Frio, Cachoeiras de Macacu, Campo Grande (Detran Oeste), Campos I, Campos II (Guarus), Carmo, Center Shopping, Copacabana, Cordeiro, G\u00e1vea, Guadalupe, Guapimirim, Haddock Lobo, Ilha do Governador, Itabora\u00ed, Itabora\u00ed (Plaza Shopping), Itagua\u00ed, Itaipava, Itaocara, Itaperuna, Freguesia, Largo do Machado, Maca\u00e9, Mag\u00e9, Mar\u00e9, Maric\u00e1, M\u00e9ier, Mesquita, Muzema, Natividade, Nil\u00f3polis, Niter\u00f3i, Niter\u00f3i (Mercado Municipal), Nova Friburgo, Nova Igua\u00e7u, Para\u00edba do Sul, S\u00e3o Gon\u00e7alo (Partage), Paraty, Paty do Alferes, Penha, Petr\u00f3polis, Pinheiral, Queimados, Resende, Rio Bonito, Rio das Ostras, Santo Ant\u00f4nio de P\u00e1dua, S\u00e3o Fidelis, S\u00e3o Jo\u00e3o de Meriti, S\u00e3o Pedro da Aldeia, Sede (Centro do Rio), Serop\u00e9dica, Shopping Via Brasil (Iraj\u00e1), Sulacap Shopping, Teres\u00f3polis, Tr\u00eas Rios, Unamar, Valen\u00e7a, Vaz Lobo, Vila Isabel e &nbsp;Volta Redonda. &nbsp;<\/p>\n\n\n\n<p>J\u00e1 os servi\u00e7os veiculares ser\u00e3o disponibilizados no posto Detran Acess\u00edvel \u2013 PCD, que fica na Av. Francisco Bicalho (entrada pela Rua Idalina Senra, 35, em S\u00e3o Crist\u00f3v\u00e3o).<\/p>\n\n\n\n<p>No Posto Detran Acess\u00edvel &#8211; PCD, totalmente adaptado \u00e0s especificidades das pessoas com defici\u00eancia, a Secretaria de Trabalho, por meio da Casa da Inclus\u00e3o, estar\u00e1 oferecendo vagas de emprego. Al\u00e9m disso, a Funda\u00e7\u00e3o Le\u00e3o XIII dar\u00e1 orienta\u00e7\u00e3o para o requerimento do Vale Social. O Posto Detran Acess\u00edvel conta com uma sala de acomoda\u00e7\u00e3o para crian\u00e7as com autismo tirarem a carteira de identidade em um ambiente aconchegante, proporcionando mais conforto e relaxamento.<\/p>\n\n\n\n<p>\u201cAs pessoas com defici\u00eancia ter\u00e3o a oportunidade de se inscrever no programa Cidadania Sobre Rodas, que j\u00e1 habilitou, de forma gratuita, mais de dois mil PCDs que necessitam de carro adaptado. Esta \u00e9 mais uma a\u00e7\u00e3o inclusiva do Governo do Estado\u201d, destacou o presidente do Detran.RJ, Vinicius Farah.<\/p>\n\n\n\n<p><strong><br>Documentos necess\u00e1rios para os servi\u00e7os<\/strong><\/p>\n\n\n\n<p>A emiss\u00e3o de identidade ser\u00e1 gratuita, assim como os servi\u00e7os de primeira habilita\u00e7\u00e3o e renova\u00e7\u00e3o da carteira de motorista &#8211; sendo que os servi\u00e7os de habilita\u00e7\u00e3o necessitam de abertura de processo administrativo. Os atendimentos ser\u00e3o feitos com a apresenta\u00e7\u00e3o de laudo m\u00e9dico original, informando o C\u00f3digo Internacional de Doen\u00e7as (CID) e a descri\u00e7\u00e3o da defici\u00eancia.<\/p>\n\n\n\n<p>Os interessados devem verificar no site do Detran (<a rel=\"noreferrer noopener\" target=\"_blank\" href=\"https:\/\/na01.safelinks.protection.outlook.com\/?url=http%3A%2F%2Fwww.detran.rj.gov.br%2F&amp;data=05%7C02%7C%7C19c8f5cd3ed545a2085b08dd71e27796%7C84df9e7fe9f640afb435aaaaaaaaaaaa%7C1%7C0%7C638791939692087884%7CUnknown%7CTWFpbGZsb3d8eyJFbXB0eU1hcGkiOnRydWUsIlYiOiIwLjAuMDAwMCIsIlAiOiJXaW4zMiIsIkFOIjoiTWFpbCIsIldUIjoyfQ%3D%3D%7C0%7C%7C%7C&amp;sdata=qrCgd5bCYARo%2Fc49gQy6%2Fd3OTbvMVF9bPt4baUemXg0%3D&amp;reserved=0\">www.detran.rj.gov.br<\/a>) quais os documentos obrigat\u00f3rios para fazer cada servi\u00e7o que desejam. Por exemplo, para tirar a identidade \u00e9 necess\u00e1rio apresentar original e c\u00f3pia da certid\u00e3o de nascimento ou casamento \u2013 dependendo do estado civil do requerente.<\/p>\n\n\n\n<p>Os candidatos ao curso de dire\u00e7\u00e3o Cidadania Sobre Rodas precisam levar original e c\u00f3pia da carteira de identidade, original e c\u00f3pia do CPF, original e c\u00f3pia do comprovante de resid\u00eancia ou domic\u00edlio no Estado do Rio de Janeiro (conta de \u00e1gua, luz ou telefone). Caso n\u00e3o possa apresentar a referida documenta\u00e7\u00e3o, o candidato dever\u00e1 preencher a Declara\u00e7\u00e3o de Resid\u00eancia fornecida pelo Detran no ato de abertura do processo administrativo. Tamb\u00e9m \u00e9 necess\u00e1rio estar com o laudo m\u00e9dico contendo o tipo e grau da defici\u00eancia, al\u00e9m do c\u00f3digo da tabela CID-10.<\/p>\n\n\n\n<p><strong>Rela\u00e7\u00e3o de Ciretrans<\/strong><\/p>\n\n\n\n<p>Confira as unidades onde o p\u00fablico PCD poder\u00e1 se inscrever para o programa \u201cCidadania Sobre Rodas\u201d, das 8h \u00e0s 16h, no Dia D (7\/4):<\/p>\n\n\n\n<p>1\u00aa CIRETRAN \u2013 NITER\u00d3I<br>&#8211; Rua Desid\u00e9rio de Oliveira, s\/n\u00ba &#8211; Centro<br>2\u00aa CIRETRAN \u2013 CAMPOS DOS GOITACAZES<br>&#8211; Rua Bar\u00e3o de Miracema, n\u00ba 246 &#8211; Centro<br>4\u00aa CIRETRAN \u2013 NOVA IGUA\u00c7U<br>&#8211; Av. Ab\u00edlio Augusto T\u00e1vora, n\u00ba 1111, Sl 4080\/81- Shopping &nbsp;Nova Igua\u00e7u &#8211; Bairro Luz<br>5\u00aa CIRETRAN \u2013 PETR\u00d3POLIS<br>&#8211; Condom\u00ednio Shopping ABC \/ Rua: Tereza, 1515 &#8211; Alto da Serra<br>7\u00aaCIRETRAN \u2013 DUQUE DE CAXIAS<br>&#8211; Av.Brigadeiro Lima e Silva, 23 &#8211; 25 de agosto<br>8\u00aa CIRETRAN \u2013 ARARUAMA<br>&#8211; Av. Get\u00falio Vargas s\/n \u2013 Parque Hotel \u2013 ao lado da UPA<br>9\u00aa CIRETRAN \u2013 TERES\u00d3POLIS<br>&#8211; Rua: Joseppha Copelo, 390 &#8211; Bairro de F\u00e1tima<br>11\u00aa CIRETRAN \u2013 S\u00c3O GON\u00c7ALO<br>&#8211; Av. Presidente Kennedy, 425 &#8211; Partage Shopping<br>14\u00aa CIRETRAN \u2013 P\u00c1DUA<br>&#8211; Parque de Exposi\u00e7\u00f5es Governador Ant\u00f4nio de P\u00e1dua Chagas Freitas \/ Rod. Prefeito Renato de Alvim Padilha, 3034 &#8211; Alto das Sete Mo\u00e7as<br>16\u00aa CIRETRAN \u2013 TR\u00caS RIOS<br>&#8211; Rua Prefeito Joaquim Jos\u00e9 Ferreira, 28 \u2013 Centro<br>19\u00aa CIRETRAN \u2013 S\u00c3O JO\u00c3O DE MERITI<br>&#8211; Rua Defensor P\u00fablico Zilmar Pinnaud, s\/n\u00ba &#8211; Jardim Meriti<br>20\u00aa CIRETRAN \u2013 CABO FRIO<br>&#8211; Rua Meira Junior, s\/n\u00ba &#8211; Centro &nbsp;<br>21\u00aa CIRETRAN \u2013 ANGRA DOS REIS<br>&#8211; Rua Poeta Brasil dos Reis, s\/n\u00ba<br>22\u00aa CIRETRAN \u2013 RIO BONITO<br>&#8211; Rua Desembargador Itabaiana de Oliveira, n\u00ba 39<br>23\u00aa CIRETRAN \u2013 BARRA DO PIRA\u00cd<br>&#8211; Av. Prefeito Iago Jos\u00e9 &nbsp;Castro Val\u00e9rio, n\u00ba 452 \u2013 Oficinas Velhas<br>25\u00aa CIRETRAN \u2013 MIRACEMA<br>&#8211; Av. Deputado Lu\u00eds Fernando Linhares, n\u00ba 1010, Centro &#8211; Parque de Exposi\u00e7\u00f5es Jamil Cardoso<br>26\u00aa CIRETRAN \u2013 ITABORA\u00cd<br>&#8211; Avenida 22 de Maio, s\/n &#8211; Terminal CODERTE &#8211; Venda das Pedras<br>27\u00aa CIRETRAN \u2013 MESQUITA<br>&#8211; Rua Juliana, n\u00ba 478 um \u2013 Santo Elias<br>28\u00aa CIRETRAN &#8211; MARIC\u00c1<br>&#8211; Rodovia Amaral Peixoto, km 21, 5 &#8211; S\u00e3o Jos\u00e9 do Imbassa\u00ed<br>SAT SEROP\u00c9DICA<br>&#8211; Av. Rita Batista n\u00ba 11 \u2013 Bairro Dom Bosco\/ KM 40<\/p>\n\n\n\n<p>Foto: divulga\u00e7\u00e3o<\/p>\n","protected":false},"excerpt":{"rendered":"<p>Em homenagem ao Dia Mundial de Conscientiza\u00e7\u00e3o do Autismo, o Detran.RJ vai realizar, nesta segunda-feira<\/p>\n","protected":false},"author":2,"featured_media":101801,"comment_status":"open","ping_status":"open","sticky":false,"template":"","format":"standard","meta":{"footnotes":""},"categories":[12],"tags":[],"class_list":["post-101800","post","type-post","status-publish","format-standard","has-post-thumbnail","hentry","category-cidade"],"_links":{"self":[{"href":"https:\/\/tvc16.com\/portal\/wp-json\/wp\/v2\/posts\/101800","targetHints":{"allow":["GET"]}}],"collection":[{"href":"https:\/\/tvc16.com\/portal\/wp-json\/wp\/v2\/posts"}],"about":[{"href":"https:\/\/tvc16.com\/portal\/wp-json\/wp\/v2\/types\/post"}],"author":[{"embeddable":true,"href":"https:\/\/tvc16.com\/portal\/wp-json\/wp\/v2\/users\/2"}],"replies":[{"embeddable":true,"href":"https:\/\/tvc16.com\/portal\/wp-json\/wp\/v2\/comments?post=101800"}],"version-history":[{"count":1,"href":"https:\/\/tvc16.com\/portal\/wp-json\/wp\/v2\/posts\/101800\/revisions"}],"predecessor-version":[{"id":101802,"href":"https:\/\/tvc16.com\/portal\/wp-json\/wp\/v2\/posts\/101800\/revisions\/101802"}],"wp:featuredmedia":[{"embeddable":true,"href":"https:\/\/tvc16.com\/portal\/wp-json\/wp\/v2\/media\/101801"}],"wp:attachment":[{"href":"https:\/\/tvc16.com\/portal\/wp-json\/wp\/v2\/media?parent=101800"}],"wp:term":[{"taxonomy":"category","embeddable":true,"href":"https:\/\/tvc16.com\/portal\/wp-json\/wp\/v2\/categories?post=101800"},{"taxonomy":"post_tag","embeddable":true,"href":"https:\/\/tvc16.com\/portal\/wp-json\/wp\/v2\/tags?post=101800"}],"curies":[{"name":"wp","href":"https:\/\/api.w.org\/{rel}","templated":true}]}}