{"id":101806,"date":"2025-04-13T07:00:00","date_gmt":"2025-04-13T10:00:00","guid":{"rendered":"https:\/\/tvc16.com\/portal\/?p=101806"},"modified":"2025-04-12T00:21:44","modified_gmt":"2025-04-12T03:21:44","slug":"seminario-reune-especialistas-gestores-e-familias-para-discutir-inclusao-de-pessoas-com-autismo-em-petropolis","status":"publish","type":"post","link":"https:\/\/tvc16.com\/portal\/2025\/04\/13\/seminario-reune-especialistas-gestores-e-familias-para-discutir-inclusao-de-pessoas-com-autismo-em-petropolis\/","title":{"rendered":"Semin\u00e1rio re\u00fane especialistas, gestores e fam\u00edlias para discutir inclus\u00e3o de pessoas com autismo em Petr\u00f3polis"},"content":{"rendered":"\n<p>O Sal\u00e3o Nobre da Universidade Cat\u00f3lica de Petr\u00f3polis (UCP) recebeu, na quarta-feira (02.04), o semin\u00e1rio \u201cDesmistificando o Autismo\u201d, promovido pela prefeitura. O evento integrou a programa\u00e7\u00e3o do Dia Mundial de Conscientiza\u00e7\u00e3o sobre o Autismo e reuniu profissionais da Educa\u00e7\u00e3o, Sa\u00fade e Assist\u00eancia Social, al\u00e9m de familiares e interessados no tema.<\/p>\n\n\n\n<p>Gabriela Vaz Monteiro Dias, m\u00e3e at\u00edpica, emocionou o p\u00fablico ao compartilhar seu relato de vida com seu filho autista.<\/p>\n\n\n\n<p>\u201cFoi uma oportunidade de mostrar que, apesar dos desafios di\u00e1rios, \u00e9 poss\u00edvel transformar a realidade com afeto, escuta e apoio em rede\u201d, disse Gabriela.<\/p>\n\n\n\n<p>O semin\u00e1rio tamb\u00e9m contou com a exposi\u00e7\u00e3o da assistente social da APAE, Cristiane Maria Rodrigues Ferreira, que falou sobre o atendimento e as pol\u00edticas de suporte \u00e0s fam\u00edlias. Em seguida, o professor de Educa\u00e7\u00e3o F\u00edsica e professor adjunto da Universidade do Estado do Rio de Janeiro (UERJ), Jomilto Praxedes, abordou a import\u00e2ncia da inclus\u00e3o de estudantes com autismo em atividades corporais e pedag\u00f3gicas.<\/p>\n\n\n\n<p>\u201cA participa\u00e7\u00e3o de todos os setores neste debate \u00e9 essencial para garantir o acolhimento e o desenvolvimento das pessoas com autismo. O evento de hoje mostra que Petr\u00f3polis est\u00e1 comprometida com a inclus\u00e3o de forma efetiva\u201d, afirmou o prefeito Hingo Hammes.<\/p>\n\n\n\n<p>Durante o encontro, as contribui\u00e7\u00f5es dos participantes foram registradas para a constru\u00e7\u00e3o de um documento coletivo com propostas voltadas \u00e0 melhoria das condi\u00e7\u00f5es de ensino e inclus\u00e3o dos estudantes com Transtorno do Espectro Autista (TEA) no munic\u00edpio. A ideia \u00e9 que esse material oriente novas pol\u00edticas p\u00fablicas.<\/p>\n\n\n\n<p>\u201cO semin\u00e1rio nos ajuda a avan\u00e7ar em pr\u00e1ticas pedag\u00f3gicas que respeitam a individualidade de cada estudante. A escuta das fam\u00edlias, dos especialistas e dos profissionais da ponta \u00e9 o que vai dar sentido \u00e0s nossas pr\u00f3ximas decis\u00f5es\u201d, disse o secret\u00e1rio de Educa\u00e7\u00e3o, Alexandre Gurgel.<\/p>\n\n\n\n<p>O secret\u00e1rio da Pessoa com Defici\u00eancia, Mobilidade Reduzida e Doen\u00e7as Raras, Leandro Kronemberger, ressaltou a import\u00e2ncia da articula\u00e7\u00e3o intersetorial. \u201cSomente com di\u00e1logo constante entre as secretarias e a sociedade civil conseguiremos garantir o acesso pleno aos direitos de todas as pessoas com defici\u00eancia\u201d.<\/p>\n\n\n\n<p>A subsecret\u00e1ria de Educa\u00e7\u00e3o, Ana Carolina Kapler, tamb\u00e9m destacou a relev\u00e2ncia do evento. \u201cNosso trabalho \u00e9 garantir que o ambiente escolar seja seguro, acolhedor e adaptado. A forma\u00e7\u00e3o continuada e espa\u00e7os de troca como este s\u00e3o fundamentais para que isso se concretize\u201d.<\/p>\n\n\n\n<p>Foto: divulga\u00e7\u00e3o <\/p>\n","protected":false},"excerpt":{"rendered":"<p>O Sal\u00e3o Nobre da Universidade Cat\u00f3lica de Petr\u00f3polis (UCP) recebeu, na quarta-feira (02.04), o semin\u00e1rio<\/p>\n","protected":false},"author":2,"featured_media":102479,"comment_status":"open","ping_status":"open","sticky":false,"template":"","format":"standard","meta":{"footnotes":""},"categories":[12],"tags":[],"class_list":["post-101806","post","type-post","status-publish","format-standard","has-post-thumbnail","hentry","category-cidade"],"_links":{"self":[{"href":"https:\/\/tvc16.com\/portal\/wp-json\/wp\/v2\/posts\/101806","targetHints":{"allow":["GET"]}}],"collection":[{"href":"https:\/\/tvc16.com\/portal\/wp-json\/wp\/v2\/posts"}],"about":[{"href":"https:\/\/tvc16.com\/portal\/wp-json\/wp\/v2\/types\/post"}],"author":[{"embeddable":true,"href":"https:\/\/tvc16.com\/portal\/wp-json\/wp\/v2\/users\/2"}],"replies":[{"embeddable":true,"href":"https:\/\/tvc16.com\/portal\/wp-json\/wp\/v2\/comments?post=101806"}],"version-history":[{"count":2,"href":"https:\/\/tvc16.com\/portal\/wp-json\/wp\/v2\/posts\/101806\/revisions"}],"predecessor-version":[{"id":102480,"href":"https:\/\/tvc16.com\/portal\/wp-json\/wp\/v2\/posts\/101806\/revisions\/102480"}],"wp:featuredmedia":[{"embeddable":true,"href":"https:\/\/tvc16.com\/portal\/wp-json\/wp\/v2\/media\/102479"}],"wp:attachment":[{"href":"https:\/\/tvc16.com\/portal\/wp-json\/wp\/v2\/media?parent=101806"}],"wp:term":[{"taxonomy":"category","embeddable":true,"href":"https:\/\/tvc16.com\/portal\/wp-json\/wp\/v2\/categories?post=101806"},{"taxonomy":"post_tag","embeddable":true,"href":"https:\/\/tvc16.com\/portal\/wp-json\/wp\/v2\/tags?post=101806"}],"curies":[{"name":"wp","href":"https:\/\/api.w.org\/{rel}","templated":true}]}}