{"id":101808,"date":"2025-04-03T08:14:06","date_gmt":"2025-04-03T11:14:06","guid":{"rendered":"https:\/\/tvc16.com\/portal\/?p=101808"},"modified":"2025-04-03T08:14:21","modified_gmt":"2025-04-03T11:14:21","slug":"rio-se-prepara-para-a-frente-fria-que-podera-trazer-tempestade","status":"publish","type":"post","link":"https:\/\/tvc16.com\/portal\/2025\/04\/03\/rio-se-prepara-para-a-frente-fria-que-podera-trazer-tempestade\/","title":{"rendered":"Rio se prepara para a frente fria que poder\u00e1 trazer tempestade\u00a0"},"content":{"rendered":"\n<p><em>Previs\u00e3o \u00e9 para esta sexta-feira e durante o fim de semana<\/em><\/p>\n\n\n\n<p>Por Douglas Corr\u00eaa &#8211; Rep\u00f3rter da Ag\u00eancia Brasil \/ Foto: Fernando Fraz\u00e3o\/Ag\u00eancia Brasil<\/p>\n\n\n\n<p><\/p>\n\n\n\n<p>O governo do Rio intensificou o planejamento de preven\u00e7\u00e3o e a\u00e7\u00f5es voltadas para a forte chuva que est\u00e1 prevista para esta sexta-feira (4) e que deve permanecer durante o final de semana.&nbsp;<strong>De acordo com o boletim meteorol\u00f3gico da Defesa Civil Estadual, o avan\u00e7o da frente fria pelo oceano poder\u00e1 acentuar os locais de instabilidade, aumentando as chances de tempestade, raios e ventania em diversas regi\u00f5es do estado.<\/strong><img decoding=\"async\" src=\"https:\/\/agenciabrasil.ebc.com.br\/ebc.png?id=1637344&amp;o=node\"><img decoding=\"async\" src=\"https:\/\/agenciabrasil.ebc.com.br\/ebc.gif?id=1637344&amp;o=node\"><\/p>\n\n\n\n<blockquote class=\"wp-block-quote is-layout-flow wp-block-quote-is-layout-flow\">\n<p>O governador Cl\u00e1udio Castro anunciou medidas para minimizar os efeitos do temporal. \u201cEstamos atuando de forma preventiva e antecipada para atenuar poss\u00edveis danos causados pela chuva que est\u00e1 prevista para o fim de semana. Nossas equipes trabalham, sem parar, monitorando todo o estado. Temos a consci\u00eancia dos efeitos das mudan\u00e7as clim\u00e1ticas que v\u00eam acontecendo e afetam toda a popula\u00e7\u00e3o\u201d, disse.<\/p>\n<\/blockquote>\n\n\n\n<figure class=\"wp-block-image\"><img decoding=\"async\" src=\"https:\/\/imagens.ebc.com.br\/UyLOn9oiRbf3m9dST9GwaoJDKn0=\/754x0\/smart\/https:\/\/agenciabrasil.ebc.com.br\/sites\/default\/files\/thumbnails\/image\/trbr6511.jpg?itok=Aw5BFP-O\" alt=\"Rio de Janeiro (RJ), 06\/10\/2023 - O secret\u00e1rio-executivo do minist\u00e9rio da Justi\u00e7a e Seguran\u00e7a P\u00fablica, Ricardo Cappelli, e o governador do Rio de Janeiro, Claudio Castro, falam com a imprensa ap\u00f3s reuni\u00e3o no Pal\u00e1cio Guanabara. Foto:T\u00e2nia R\u00eago\/Ag\u00eancia Brasil\" title=\"T\u00e2nia R\u00eago\/Ag\u00eancia Brasil\"\/><\/figure>\n\n\n\n<p>Rio de Janeiro (RJ) &#8211; O&nbsp;governador do Rio de Janeiro, Claudio Castro. Foto:T\u00e2nia R\u00eago\/Ag\u00eancia Brasil &#8211;&nbsp;<strong>T\u00e2nia R\u00eago\/Ag\u00eancia Brasil<\/strong><\/p>\n\n\n\n<p><strong>O Centro Estadual de Monitoramento e Alerta de Desastres Naturais (Cemaden-RJ), monitora 24 horas por dia as condi\u00e7\u00f5es clim\u00e1ticas e os n\u00edveis pluviom\u00e9tricos, emitindo alertas de risco.<\/strong><\/p>\n\n\n\n<blockquote class=\"wp-block-quote is-layout-flow wp-block-quote-is-layout-flow\">\n<p>\u201c\u00c9 importante que a popula\u00e7\u00e3o fique atenta aos alertas e siga as orienta\u00e7\u00f5es. A tecnologia \u00e9 uma aliada fundamental na preven\u00e7\u00e3o de trag\u00e9dias e cada cidad\u00e3o pode contribuir ao repassar as informa\u00e7\u00f5es recebidas para amigos e familiares\u201d, afirmou o secret\u00e1rio de Estado de Defesa Civil, coronel Tarciso Salles.<\/p>\n<\/blockquote>\n\n\n\n<p><strong><a href=\"https:\/\/agenciabrasil.ebc.com.br\/geral\/noticia\/2025-01\/governo-do-rio-anuncia-r-8-bilhoes-para-enfrentamento-de-temporais\" target=\"_blank\" rel=\"noreferrer noopener\">&gt;&gt;Governo do Rio anuncia R$ 8 bilh\u00f5es para enfrentamento de temporais<\/a><\/strong><\/p>\n\n\n\n<h2 class=\"wp-block-heading\">Investimento<\/h2>\n\n\n\n<p><strong>A Defesa Civil e o Corpo de Bombeiros receberam investimentos de cerca de R$ 1 bilh\u00e3o em tecnologia para a gest\u00e3o de riscos e respostas a desastres, como o Sistema de Monitoramento, Alerta e Alarme, com 202 sirenes e 70 pluvi\u00f4metros<\/strong>.<\/p>\n\n\n\n<p>A corpora\u00e7\u00e3o est\u00e1 preparada para atender quaisquer emerg\u00eancias, nos 92 munic\u00edpios, com apoio de viaturas de salvamento e resgate, ambul\u00e2ncias, embarca\u00e7\u00f5es, drones e aeronaves, al\u00e9m de equipes de especialistas em desastres.<br><\/p>\n","protected":false},"excerpt":{"rendered":"<p>Previs\u00e3o \u00e9 para esta sexta-feira e durante o fim de semana Por Douglas Corr\u00eaa &#8211;<\/p>\n","protected":false},"author":2,"featured_media":101809,"comment_status":"open","ping_status":"open","sticky":false,"template":"","format":"standard","meta":{"footnotes":""},"categories":[17],"tags":[],"class_list":["post-101808","post","type-post","status-publish","format-standard","has-post-thumbnail","hentry","category-outras-noticias"],"_links":{"self":[{"href":"https:\/\/tvc16.com\/portal\/wp-json\/wp\/v2\/posts\/101808","targetHints":{"allow":["GET"]}}],"collection":[{"href":"https:\/\/tvc16.com\/portal\/wp-json\/wp\/v2\/posts"}],"about":[{"href":"https:\/\/tvc16.com\/portal\/wp-json\/wp\/v2\/types\/post"}],"author":[{"embeddable":true,"href":"https:\/\/tvc16.com\/portal\/wp-json\/wp\/v2\/users\/2"}],"replies":[{"embeddable":true,"href":"https:\/\/tvc16.com\/portal\/wp-json\/wp\/v2\/comments?post=101808"}],"version-history":[{"count":1,"href":"https:\/\/tvc16.com\/portal\/wp-json\/wp\/v2\/posts\/101808\/revisions"}],"predecessor-version":[{"id":101810,"href":"https:\/\/tvc16.com\/portal\/wp-json\/wp\/v2\/posts\/101808\/revisions\/101810"}],"wp:featuredmedia":[{"embeddable":true,"href":"https:\/\/tvc16.com\/portal\/wp-json\/wp\/v2\/media\/101809"}],"wp:attachment":[{"href":"https:\/\/tvc16.com\/portal\/wp-json\/wp\/v2\/media?parent=101808"}],"wp:term":[{"taxonomy":"category","embeddable":true,"href":"https:\/\/tvc16.com\/portal\/wp-json\/wp\/v2\/categories?post=101808"},{"taxonomy":"post_tag","embeddable":true,"href":"https:\/\/tvc16.com\/portal\/wp-json\/wp\/v2\/tags?post=101808"}],"curies":[{"name":"wp","href":"https:\/\/api.w.org\/{rel}","templated":true}]}}