{"id":101811,"date":"2025-04-03T08:15:35","date_gmt":"2025-04-03T11:15:35","guid":{"rendered":"https:\/\/tvc16.com\/portal\/?p=101811"},"modified":"2025-04-03T08:15:37","modified_gmt":"2025-04-03T11:15:37","slug":"petropolis-faz-acoes-de-prevencao-contra-temporal-na-regiao-serrana","status":"publish","type":"post","link":"https:\/\/tvc16.com\/portal\/2025\/04\/03\/petropolis-faz-acoes-de-prevencao-contra-temporal-na-regiao-serrana\/","title":{"rendered":"Petr\u00f3polis faz a\u00e7\u00f5es de preven\u00e7\u00e3o contra temporal na regi\u00e3o serrana"},"content":{"rendered":"\n<p><em>\u2060Equipes da Guarda Civil Municipal est\u00e3o de prontid\u00e3o<\/em><\/p>\n\n\n\n<p>Por Douglas Corr\u00eaa &#8211; Rep\u00f3rter da Ag\u00eancia Brasil \/ Foto: Fernando Fraz\u00e3o\/Ag\u00eancia Brasil<\/p>\n\n\n\n<p><\/p>\n\n\n\n<p>A prefeitura de Petr\u00f3polis, na regi\u00e3o serrana do Rio, realizou nesta quarta-feira (2) reuni\u00e3o com todas as secretarias de governo e \u00f3rg\u00e3os p\u00fablicos com a finalidade de preparar a cidade para o&nbsp; final de semana pr\u00f3ximo. A Defesa Civil prev\u00ea a chegada&nbsp;de um temporal&nbsp;com risco de raios e rajadas de vento.<img decoding=\"async\" src=\"https:\/\/agenciabrasil.ebc.com.br\/ebc.png?id=1637277&amp;o=node\"><img decoding=\"async\" src=\"https:\/\/agenciabrasil.ebc.com.br\/ebc.gif?id=1637277&amp;o=node\"><\/p>\n\n\n\n<p>Segundo o prefeito Hingo Hammes disse que a mudan\u00e7a do clima, com a chegada de uma frente fria, aliada a um canal de umidade, pode trazer temporais com riscos de alagamentos, inunda\u00e7\u00f5es e deslizamentos.<\/p>\n\n\n\n<blockquote class=\"wp-block-quote is-layout-flow wp-block-quote-is-layout-flow\">\n<p>\u201cA reuni\u00e3o \u00e9 para alinharmos nossas a\u00e7\u00f5es e termos efetividade, caso se confirme a previs\u00e3o. \u00c9 importante estarmos unidos e preparados para a resolu\u00e7\u00e3o dos problemas que possam vir a acontecer. Vamos torcer para que os modelos meteorol\u00f3gicos n\u00e3o se confirmem, mas caso ocorra que estejamos preparados para a pronta resposta\u201d, afirmou.<\/p>\n<\/blockquote>\n\n\n\n<p>De acordo com o aviso meteorol\u00f3gico da Defesa Civil, com vig\u00eancia das 8h desta quinta-feira (3) at\u00e9 as 23h59 de domingo (6), h\u00e1 previs\u00e3o de pancadas de chuva moderada a ocasionalmente forte ao longo do dia. Na sexta-feira (4), h\u00e1 previs\u00e3o de chuva moderada a muito forte, podendo vir acompanhadas de raios e rajadas de vento ao longo do dia e se intensificando a partir da noite.<\/p>\n\n\n\n<p>Para o s\u00e1bado (5), a previs\u00e3o \u00e9 de chuva moderada a muito forte, podendo vir acompanhada de raios e rajadas de vento. Para o domingo (6), deve ocorrer chuva fraca a moderada a partir do per\u00edodo da manh\u00e3. Em fun\u00e7\u00e3o da intensidade e continuidade das chuvas, s\u00e3o esperados acumulados significativos no per\u00edodo de vig\u00eancia do aviso meteorol\u00f3gico.<\/p>\n\n\n\n<blockquote class=\"wp-block-quote is-layout-flow wp-block-quote-is-layout-flow\">\n<p>\u201cEstamos preparados para atender a popula\u00e7\u00e3o caso se confirme a previs\u00e3o. O nosso objetivo \u00e9 prezar pelas vidas das pessoas, trabalhar para que a cidade fique segura\u201d, ressaltou o secret\u00e1rio de Prote\u00e7\u00e3o e Defesa Civil, Guilherme Moraes.<\/p>\n<\/blockquote>\n\n\n\n<h2 class=\"wp-block-heading\">A\u00e7\u00f5es emergenciais:<\/h2>\n\n\n\n<p>Aumento de 50% do efetivo nas equipes de reparos da concession\u00e1ria de energia Enel.<br><\/p>\n\n\n\n<p>10 linhas disponibilizadas para atendimento do 199;<\/p>\n\n\n\n<p>Base descentralizada da Defesa Civil em Itaipava para atendimento aos distritos de Petr\u00f3polis;<\/p>\n\n\n\n<p>Libera\u00e7\u00e3o do acesso as imagens das c\u00e2meras de seguran\u00e7a;<\/p>\n\n\n\n<p>\u2060Equipes da Guarda Civil Municipal de prontid\u00e3o<\/p>\n\n\n\n<p>Equipes do Servi\u00e7o de Assist\u00eancia M\u00e9dica de Urg\u00eancia (Samu) de prontid\u00e3o para eventuais ocorr\u00eancias;<\/p>\n\n\n\n<p>Organiza\u00e7\u00e3o do Centro de Acolhimento Gabriel Vila Real da Rocha (Rua Floriano Peixoto, no Centro);<\/p>\n\n\n\n<p>\u2060Refor\u00e7o dos efetivos do Corpo de Bombeiros e uso de locais estrat\u00e9gicos (Rua Professor Stroller, no Quarteir\u00e3o Brasileiro) em caso de risco de alagamento da Avenida Bar\u00e3o do Rio Branco. Al\u00e9m do posicionamento de viaturas em pontos da cidade para agilizar o atendimento;<\/p>\n","protected":false},"excerpt":{"rendered":"<p>\u2060Equipes da Guarda Civil Municipal est\u00e3o de prontid\u00e3o Por Douglas Corr\u00eaa &#8211; Rep\u00f3rter da Ag\u00eancia<\/p>\n","protected":false},"author":2,"featured_media":101812,"comment_status":"open","ping_status":"open","sticky":false,"template":"","format":"standard","meta":{"footnotes":""},"categories":[12],"tags":[],"class_list":["post-101811","post","type-post","status-publish","format-standard","has-post-thumbnail","hentry","category-cidade"],"_links":{"self":[{"href":"https:\/\/tvc16.com\/portal\/wp-json\/wp\/v2\/posts\/101811","targetHints":{"allow":["GET"]}}],"collection":[{"href":"https:\/\/tvc16.com\/portal\/wp-json\/wp\/v2\/posts"}],"about":[{"href":"https:\/\/tvc16.com\/portal\/wp-json\/wp\/v2\/types\/post"}],"author":[{"embeddable":true,"href":"https:\/\/tvc16.com\/portal\/wp-json\/wp\/v2\/users\/2"}],"replies":[{"embeddable":true,"href":"https:\/\/tvc16.com\/portal\/wp-json\/wp\/v2\/comments?post=101811"}],"version-history":[{"count":1,"href":"https:\/\/tvc16.com\/portal\/wp-json\/wp\/v2\/posts\/101811\/revisions"}],"predecessor-version":[{"id":101813,"href":"https:\/\/tvc16.com\/portal\/wp-json\/wp\/v2\/posts\/101811\/revisions\/101813"}],"wp:featuredmedia":[{"embeddable":true,"href":"https:\/\/tvc16.com\/portal\/wp-json\/wp\/v2\/media\/101812"}],"wp:attachment":[{"href":"https:\/\/tvc16.com\/portal\/wp-json\/wp\/v2\/media?parent=101811"}],"wp:term":[{"taxonomy":"category","embeddable":true,"href":"https:\/\/tvc16.com\/portal\/wp-json\/wp\/v2\/categories?post=101811"},{"taxonomy":"post_tag","embeddable":true,"href":"https:\/\/tvc16.com\/portal\/wp-json\/wp\/v2\/tags?post=101811"}],"curies":[{"name":"wp","href":"https:\/\/api.w.org\/{rel}","templated":true}]}}