{"id":101814,"date":"2025-04-03T08:19:09","date_gmt":"2025-04-03T11:19:09","guid":{"rendered":"https:\/\/tvc16.com\/portal\/?p=101814"},"modified":"2025-04-03T08:19:12","modified_gmt":"2025-04-03T11:19:12","slug":"em-8-meses-voa-brasil-viabilizou-354-mil-passagens-para-aposentados","status":"publish","type":"post","link":"https:\/\/tvc16.com\/portal\/2025\/04\/03\/em-8-meses-voa-brasil-viabilizou-354-mil-passagens-para-aposentados\/","title":{"rendered":"Em 8 meses, Voa Brasil viabilizou 35,4 mil passagens para aposentados"},"content":{"rendered":"\n<p><em>S\u00e3o Paulo continua sendo a cidade mais procurada<\/em><\/p>\n\n\n\n<p>Por Alex Rodrigues* &#8211; Rep\u00f3rter da Ag\u00eancia Brasil \/ Foto: Rovena Rosa\/Ag\u00eancia Brasil<\/p>\n\n\n\n<p><\/p>\n\n\n\n<p><strong>Criado em julho de 2024, para estimular aposentados a viajarem de avi\u00e3o, o programa federal Voa Brasil j\u00e1 viabilizou a reserva de 35.419 passagens a\u00e9reas de at\u00e9 R$ 200 por trecho (ida ou volta). Resultado suficiente para lotar, em apenas oito meses, 270 avi\u00f5es com capacidade para at\u00e9 131 pessoas.<\/strong><img decoding=\"async\" src=\"https:\/\/agenciabrasil.ebc.com.br\/ebc.png?id=1637148&amp;o=node\"><img decoding=\"async\" src=\"https:\/\/agenciabrasil.ebc.com.br\/ebc.gif?id=1637148&amp;o=node\"><\/p>\n\n\n\n<blockquote class=\"wp-block-quote is-layout-flow wp-block-quote-is-layout-flow\">\n<p>\u201cO objetivo do programa, de incluir novos usu\u00e1rios no transporte a\u00e9reo, de permitir que grupos como os aposentados do INSS [Instituto Nacional do Seguro Social] possam encontrar passagens mais acess\u00edveis, sem subs\u00eddio, est\u00e1 plenamente atingido\u201d, afirmou o ministro S\u00edlvio Costa Filho, em nota do Minist\u00e9rio de Portos e Aeroportos divulgada nesta ter\u00e7a-feira (2).<\/p>\n<\/blockquote>\n\n\n\n<figure class=\"wp-block-image\"><img decoding=\"async\" src=\"https:\/\/imagens.ebc.com.br\/8lgW_g6VUlw4ge01I6lTKICm1H0=\/754x0\/smart\/https:\/\/agenciabrasil.ebc.com.br\/sites\/default\/files\/thumbnails\/image\/2024\/11\/05\/0d4a0441.jpg?itok=e6ci8NBq\" alt=\"Bras\u00edlia (DF), 05\/11\/2024 - O ministro de Portos e Aeroportos (MPor), S\u00edlvio Costa Filho, participa de lan\u00e7amento do Programa de Acolhimento ao Passageiro com Transtorno do Espectro Autista (TEA) nos aeroportos brasileiros. Foto: Ant\u00f4nio Cruz\/Ag\u00eancia Brasil\" title=\"Ant\u00f4nio Cruz\/Ag\u00eancia Brasil\"\/><\/figure>\n\n\n\n<p>O ministro de Portos e Aeroportos (MPor), S\u00edlvio Costa Filho. Foto: Ant\u00f4nio Cruz\/Ag\u00eancia Brasil &#8211;&nbsp;<strong>Ant\u00f4nio Cruz\/Ag\u00eancia Brasil<\/strong><\/p>\n\n\n\n<p><strong>Segundo a pasta, S\u00e3o Paulo continua sendo a cidade mais procurada pelos aposentados, com 10.261 bilhetes reservados (quase 30% do total), seguida pelo Rio de Janeiro (3.050), Recife (2.745), Fortaleza (2.453) e Bras\u00edlia (2.268). Entre os 20 principais destinos, apenas tr\u00eas n\u00e3o s\u00e3o capitais: Campinas, em S\u00e3o Paulo; Juazeiro do Norte, no Cear\u00e1; e Porto Seguro, na Bahia.<\/strong><\/p>\n\n\n\n<p>No geral, as passagens reservadas no per\u00edodo t\u00eam como destino 82 dos 5.570 munic\u00edpios. Outra curiosidade: em fevereiro e mar\u00e7o deste ano, Recife foi o segundo destino mais procurado pelos benefici\u00e1rios do programa, ultrapassando a capital fluminense.<\/p>\n\n\n\n<blockquote class=\"wp-block-quote is-layout-flow wp-block-quote-is-layout-flow\">\n<p>\u201cH\u00e1 um dado que mostra o interesse dos aposentados pelo programa. Neste per\u00edodo, cerca de 150 mil benefici\u00e1rios acessaram o sistema, resultando em 35 mil bilhetes [reservados], ou 24% dos interessados. No site das companhias a\u00e9reas, este percentual fica entre 1% e 3%. Ou seja, o n\u00famero de reservas confirmadas no Voa Brasil tem um percentual muito superior\u201d, avaliou o secret\u00e1rio nacional de Avia\u00e7\u00e3o Civil, Tom\u00e9 Barros Franca.<\/p>\n<\/blockquote>\n\n\n\n<p><strong><a href=\"https:\/\/agenciabrasil.ebc.com.br\/economia\/noticia\/2023-03\/voa-brasil-vai-emitir-quase-12-milhoes-de-passagens-por-ano-r-200\" target=\"_blank\" rel=\"noreferrer noopener\">&gt;&gt;Voa, Brasil vai emitir quase 12 milh\u00f5es de passagens por ano a R$ 200&nbsp;<\/a><\/strong><\/p>\n\n\n\n<p>Tratado pelo governo federal como um \u201cprograma de inclus\u00e3o social da avia\u00e7\u00e3o civil brasileira\u201d, o Voa Brasil n\u00e3o se vale de recursos p\u00fablicos.&nbsp;<strong>Empresas a\u00e9reas parceiras da iniciativa oferecem, por at\u00e9 R$ 200 o trecho, as vagas ociosas em voos programados para dias, hor\u00e1rios ou \u00e9pocas de baixa demanda<\/strong>.<\/p>\n\n\n\n<p>Ao instituir o programa, o minist\u00e9rio anunciou&nbsp;a expectativa de que cerca de tr\u00eas milh\u00f5es de passagens fossem disponibilizadas&nbsp;<a href=\"https:\/\/agenciabrasil.ebc.com.br\/geral\/noticia\/2024-07\/aposentados-poderao-comprar-passagem-aerea-por-ate-r-200-cada-trecho\" target=\"_blank\" rel=\"noreferrer noopener\">para um p\u00fablico-alvo de cerca de 23,3 milh\u00f5es de aposentados<\/a>. E que o programa seja estendido para outros p\u00fablicos, como parte dos estudantes brasileiros, o que deve ser feito na segunda fase do Voa Brasil, a ser anunciada em breve.<\/p>\n\n\n\n<p>Para participar do programa e obter uma passagem, o aposentado do INSS deve acessar o&nbsp;<a href=\"http:\/\/www.gov.br\/voabrasil\" target=\"_blank\" rel=\"noreferrer noopener\"><em>site<\/em><\/a>&nbsp;\u2013 para isso, contudo, \u00e9 necess\u00e1rio j\u00e1 ter ou criar uma conta n\u00edvel ouro ou&nbsp;<a href=\"https:\/\/www.gov.br\/pt-br\" target=\"_blank\" rel=\"noreferrer noopener\">prata no portal gov.br<\/a>, o que garante a autentica\u00e7\u00e3o e valida\u00e7\u00e3o das informa\u00e7\u00f5es pessoais do usu\u00e1rio.<\/p>\n\n\n\n<p>&nbsp;<strong>O programa d\u00e1 direito a dois bilhetes a\u00e9reos por ano, mas o aposentado interessado s\u00f3 consegue reservar a passagem caso n\u00e3o tenha viajado de avi\u00e3o nos 12 meses anteriores<\/strong>. No instante da reserva, \u00e9 poss\u00edvel consultar e escolher a data, origem e destino, conforme a disponibilidade.<\/p>\n\n\n\n<p><em>*Com informa\u00e7\u00f5es da Ascom\/ Minist\u00e9rio de Portos e Aeroportos<\/em><br><\/p>\n","protected":false},"excerpt":{"rendered":"<p>S\u00e3o Paulo continua sendo a cidade mais procurada Por Alex Rodrigues* &#8211; Rep\u00f3rter da Ag\u00eancia<\/p>\n","protected":false},"author":2,"featured_media":101815,"comment_status":"open","ping_status":"open","sticky":false,"template":"","format":"standard","meta":{"footnotes":""},"categories":[17],"tags":[],"class_list":["post-101814","post","type-post","status-publish","format-standard","has-post-thumbnail","hentry","category-outras-noticias"],"_links":{"self":[{"href":"https:\/\/tvc16.com\/portal\/wp-json\/wp\/v2\/posts\/101814","targetHints":{"allow":["GET"]}}],"collection":[{"href":"https:\/\/tvc16.com\/portal\/wp-json\/wp\/v2\/posts"}],"about":[{"href":"https:\/\/tvc16.com\/portal\/wp-json\/wp\/v2\/types\/post"}],"author":[{"embeddable":true,"href":"https:\/\/tvc16.com\/portal\/wp-json\/wp\/v2\/users\/2"}],"replies":[{"embeddable":true,"href":"https:\/\/tvc16.com\/portal\/wp-json\/wp\/v2\/comments?post=101814"}],"version-history":[{"count":1,"href":"https:\/\/tvc16.com\/portal\/wp-json\/wp\/v2\/posts\/101814\/revisions"}],"predecessor-version":[{"id":101816,"href":"https:\/\/tvc16.com\/portal\/wp-json\/wp\/v2\/posts\/101814\/revisions\/101816"}],"wp:featuredmedia":[{"embeddable":true,"href":"https:\/\/tvc16.com\/portal\/wp-json\/wp\/v2\/media\/101815"}],"wp:attachment":[{"href":"https:\/\/tvc16.com\/portal\/wp-json\/wp\/v2\/media?parent=101814"}],"wp:term":[{"taxonomy":"category","embeddable":true,"href":"https:\/\/tvc16.com\/portal\/wp-json\/wp\/v2\/categories?post=101814"},{"taxonomy":"post_tag","embeddable":true,"href":"https:\/\/tvc16.com\/portal\/wp-json\/wp\/v2\/tags?post=101814"}],"curies":[{"name":"wp","href":"https:\/\/api.w.org\/{rel}","templated":true}]}}