{"id":101817,"date":"2025-04-03T08:22:45","date_gmt":"2025-04-03T11:22:45","guid":{"rendered":"https:\/\/tvc16.com\/portal\/?p=101817"},"modified":"2025-04-03T08:22:52","modified_gmt":"2025-04-03T11:22:52","slug":"aluno-que-cometeu-bullying-e-expulso-do-colegio-ipiranga-em-petropolis","status":"publish","type":"post","link":"https:\/\/tvc16.com\/portal\/2025\/04\/03\/aluno-que-cometeu-bullying-e-expulso-do-colegio-ipiranga-em-petropolis\/","title":{"rendered":"Aluno que cometeu bullying \u00e9 expulso do Col\u00e9gio Ipiranga, em Petr\u00f3polis"},"content":{"rendered":"\n<p>Ap\u00f3s uma reuni\u00e3o do Conselho de Classe do col\u00e9gio em que o caso de Bullying foi registrado no m\u00eas de fevereiro, em Petr\u00f3polis, o aluno de 13 anos, envolvido no caso e que foi denunciado pelas amea\u00e7as, foi expulso pela unidade. A decis\u00e3o do conselho foi un\u00e2nime e seguiu o regulamento interno. No m\u00eas de fevereiro, um adolescente da escola denunciou um colega de classe por bullying. Segundo a den\u00fancia, ele era induzido a se automutilar e as amea\u00e7as aconteciam por meio de um grupo n\u00e3o oficial da turma. Ap\u00f3s o ocorrido o Minist\u00e9rio P\u00fablico do Estado do Rio de Janeiro (MPRJ) ingressou com uma a\u00e7\u00e3o na justi\u00e7a para que a unidade adotasse medidas contra o bullying.<\/p>\n","protected":false},"excerpt":{"rendered":"<p>Ap\u00f3s uma reuni\u00e3o do Conselho de Classe do col\u00e9gio em que o caso de Bullying<\/p>\n","protected":false},"author":2,"featured_media":101818,"comment_status":"open","ping_status":"open","sticky":false,"template":"","format":"standard","meta":{"footnotes":""},"categories":[12],"tags":[],"class_list":["post-101817","post","type-post","status-publish","format-standard","has-post-thumbnail","hentry","category-cidade"],"_links":{"self":[{"href":"https:\/\/tvc16.com\/portal\/wp-json\/wp\/v2\/posts\/101817","targetHints":{"allow":["GET"]}}],"collection":[{"href":"https:\/\/tvc16.com\/portal\/wp-json\/wp\/v2\/posts"}],"about":[{"href":"https:\/\/tvc16.com\/portal\/wp-json\/wp\/v2\/types\/post"}],"author":[{"embeddable":true,"href":"https:\/\/tvc16.com\/portal\/wp-json\/wp\/v2\/users\/2"}],"replies":[{"embeddable":true,"href":"https:\/\/tvc16.com\/portal\/wp-json\/wp\/v2\/comments?post=101817"}],"version-history":[{"count":1,"href":"https:\/\/tvc16.com\/portal\/wp-json\/wp\/v2\/posts\/101817\/revisions"}],"predecessor-version":[{"id":101819,"href":"https:\/\/tvc16.com\/portal\/wp-json\/wp\/v2\/posts\/101817\/revisions\/101819"}],"wp:featuredmedia":[{"embeddable":true,"href":"https:\/\/tvc16.com\/portal\/wp-json\/wp\/v2\/media\/101818"}],"wp:attachment":[{"href":"https:\/\/tvc16.com\/portal\/wp-json\/wp\/v2\/media?parent=101817"}],"wp:term":[{"taxonomy":"category","embeddable":true,"href":"https:\/\/tvc16.com\/portal\/wp-json\/wp\/v2\/categories?post=101817"},{"taxonomy":"post_tag","embeddable":true,"href":"https:\/\/tvc16.com\/portal\/wp-json\/wp\/v2\/tags?post=101817"}],"curies":[{"name":"wp","href":"https:\/\/api.w.org\/{rel}","templated":true}]}}