{"id":10188,"date":"2021-02-08T22:28:44","date_gmt":"2021-02-09T01:28:44","guid":{"rendered":"https:\/\/tvc16.com\/portal\/?p=10188"},"modified":"2021-02-08T22:28:46","modified_gmt":"2021-02-09T01:28:46","slug":"secretaria-de-servico-seguranca-e-ordem-publica-ssop-guarda-civil-e-a-policia-militar-estao-alinhando-acoes-para-evitar-aglomeracoes-em-petropolis-durante-o-carnaval","status":"publish","type":"post","link":"https:\/\/tvc16.com\/portal\/2021\/02\/08\/secretaria-de-servico-seguranca-e-ordem-publica-ssop-guarda-civil-e-a-policia-militar-estao-alinhando-acoes-para-evitar-aglomeracoes-em-petropolis-durante-o-carnaval\/","title":{"rendered":"Secretaria de Servi\u00e7o, Seguran\u00e7a e Ordem P\u00fablica (SSOP), Guarda Civil, e a Pol\u00edcia Militar est\u00e3o alinhando a\u00e7\u00f5es para evitar aglomera\u00e7\u00f5es em Petr\u00f3polis durante o Carnaval"},"content":{"rendered":"\n<p><\/p>\n\n\n\n<p>Em um encontro realizado nesta segunda-feira (08) na sede do 26\u00ba Batalh\u00e3o de Pol\u00edcia Militar houve tamb\u00e9m um esbo\u00e7o de como ser\u00e1 realizado o trabalho de fiscaliza\u00e7\u00e3o durante o Carnaval. Importante lembrar que o governo municipal n\u00e3o decretou ponto facultativo nos dias 15 e 17 de fevereiro.<br>\u201cEsse encontro serviu n\u00e3o apenas para discutirmos o carnaval, mas tamb\u00e9m para alinharmos a\u00e7\u00f5es do dia a dia, como o choque de ordem. A pandemia n\u00e3o acabou e os decretos precisam ser respeitados. A gente pede que a popula\u00e7\u00e3o nos ajude com esse trabalho, respeitando o distanciamento social e evitando as aglomera\u00e7\u00f5es\u201d, disse a secret\u00e1ria de Servi\u00e7os, Seguran\u00e7a e Ordem P\u00fablica, Karina Bronzo.<br>Segundo a comandante do 26\u00ba BPM, tenente-coronel Simone de Almeida Silva, pra\u00e7as e bares ser\u00e3o fiscalizados para que n\u00e3o ocorra aglomera\u00e7\u00e3o de populares durante o carnaval. \u201cPretendemos que neste per\u00edodo exista conscientiza\u00e7\u00e3o da popula\u00e7\u00e3o para o per\u00edodo de pandemia que estamos enfrentando. Precisamos que todos entendam que s\u00e3o correspons\u00e1veis pela seguran\u00e7a e sa\u00fade local\u201d, disse.<\/p>\n","protected":false},"excerpt":{"rendered":"<p>Em um encontro realizado nesta segunda-feira (08) na sede do 26\u00ba Batalh\u00e3o de Pol\u00edcia Militar<\/p>\n","protected":false},"author":2,"featured_media":10189,"comment_status":"open","ping_status":"open","sticky":false,"template":"","format":"standard","meta":{"footnotes":""},"categories":[12],"tags":[],"class_list":["post-10188","post","type-post","status-publish","format-standard","has-post-thumbnail","hentry","category-cidade"],"_links":{"self":[{"href":"https:\/\/tvc16.com\/portal\/wp-json\/wp\/v2\/posts\/10188","targetHints":{"allow":["GET"]}}],"collection":[{"href":"https:\/\/tvc16.com\/portal\/wp-json\/wp\/v2\/posts"}],"about":[{"href":"https:\/\/tvc16.com\/portal\/wp-json\/wp\/v2\/types\/post"}],"author":[{"embeddable":true,"href":"https:\/\/tvc16.com\/portal\/wp-json\/wp\/v2\/users\/2"}],"replies":[{"embeddable":true,"href":"https:\/\/tvc16.com\/portal\/wp-json\/wp\/v2\/comments?post=10188"}],"version-history":[{"count":1,"href":"https:\/\/tvc16.com\/portal\/wp-json\/wp\/v2\/posts\/10188\/revisions"}],"predecessor-version":[{"id":10190,"href":"https:\/\/tvc16.com\/portal\/wp-json\/wp\/v2\/posts\/10188\/revisions\/10190"}],"wp:featuredmedia":[{"embeddable":true,"href":"https:\/\/tvc16.com\/portal\/wp-json\/wp\/v2\/media\/10189"}],"wp:attachment":[{"href":"https:\/\/tvc16.com\/portal\/wp-json\/wp\/v2\/media?parent=10188"}],"wp:term":[{"taxonomy":"category","embeddable":true,"href":"https:\/\/tvc16.com\/portal\/wp-json\/wp\/v2\/categories?post=10188"},{"taxonomy":"post_tag","embeddable":true,"href":"https:\/\/tvc16.com\/portal\/wp-json\/wp\/v2\/tags?post=10188"}],"curies":[{"name":"wp","href":"https:\/\/api.w.org\/{rel}","templated":true}]}}