{"id":101897,"date":"2025-04-04T08:45:18","date_gmt":"2025-04-04T11:45:18","guid":{"rendered":"https:\/\/tvc16.com\/portal\/?p=101897"},"modified":"2025-04-04T08:45:20","modified_gmt":"2025-04-04T11:45:20","slug":"total-de-veiculos-novos-vendidos-no-1o-trimestre-e-o-maior-desde-2008","status":"publish","type":"post","link":"https:\/\/tvc16.com\/portal\/2025\/04\/04\/total-de-veiculos-novos-vendidos-no-1o-trimestre-e-o-maior-desde-2008\/","title":{"rendered":"Total de ve\u00edculos novos vendidos no 1\u00ba trimestre \u00e9 o maior desde 2008"},"content":{"rendered":"\n<p><em>Unidades comercializadas somam 1,08 milh\u00e3o, diz Fenabrave<\/em><\/p>\n\n\n\n<p>Por Bruno Bocchini &#8211; Rep\u00f3rter da Ag\u00eancia Brasil \/ Foto: Rafa Neddermeyer\/ Ag\u00eancia Brasil<\/p>\n\n\n\n<p><\/p>\n\n\n\n<p><strong>A quantidade de vendas de ve\u00edculos novos (autom\u00f3veis, comerciais leves, caminh\u00f5es, \u00f4nibus, motos e implementos rodovi\u00e1rios) no primeiro trimestre de 2025 foi a maior desde 2008.&nbsp;<\/strong><img decoding=\"async\" src=\"https:\/\/agenciabrasil.ebc.com.br\/ebc.png?id=1637454&amp;o=node\"><img decoding=\"async\" src=\"https:\/\/agenciabrasil.ebc.com.br\/ebc.gif?id=1637454&amp;o=node\"><\/p>\n\n\n\n<p><strong>Foram vendidas 1,08 milh\u00e3o de unidades nos tr\u00eas primeiros meses do ano, resultado 8% superior ao anotado no mesmo per\u00edodo de 2024.<\/strong>&nbsp;Os dados, divulgados nesta quinta-feira (3), em S\u00e3o Paulo, s\u00e3o da Federa\u00e7\u00e3o Nacional da Distribui\u00e7\u00e3o de Ve\u00edculos Automotores (Fenabrave).<\/p>\n\n\n\n<p>No primeiro trimestre, foram comercializadas 517,7 mil unidades de autom\u00f3veis e comerciais leves, alta de 7,1% em rela\u00e7\u00e3o ao mesmo per\u00edodo de 2024. Esse resultado s\u00f3 foi alcan\u00e7ado, no acumulado de 2024, no m\u00eas de abril.<\/p>\n\n\n\n<p><strong>\u201cO bom desempenho mostra que a demanda segue aquecida. Apesar dos desafios no cr\u00e9dito, h\u00e1 um ritmo sustentado de crescimento\u201d, disse o presidente da Fenabrave, Arcelio Junior.<\/strong><\/p>\n\n\n\n<h2 class=\"wp-block-heading\">Vendas de motocicletas batem recorde<\/h2>\n\n\n\n<p><strong>O n\u00famero de vendas de motocicletas no primeiro trimestre tamb\u00e9m foi o maior da hist\u00f3ria do pa\u00eds. Foram comercializadas 473,9 mil unidades, total 9,6% superior ao verificado no mesmo per\u00edodo do ano passado.<\/strong><\/p>\n\n\n\n<p><strong>\u201cA motocicleta se consolidou como solu\u00e7\u00e3o de mobilidade e ferramenta de trabalho no Brasil. Este \u00e9 o melhor primeiro trimestre da hist\u00f3ria do segmento em nosso pa\u00eds\u201d, acrescentou Arcelio.<\/strong><\/p>\n\n\n\n<p>Os dados da Fenabrave mostram, tamb\u00e9m, que foram vendidas &#8211; nos tr\u00eas primeiros meses do ano &#8211; 27,1 mil unidades de caminh\u00f5es (+4,8%); 6,7 mil \u00f4nibus (+27,8%); e 18,4 mil unidades de implementos rodovi\u00e1rios (-16,7%).<br><\/p>\n","protected":false},"excerpt":{"rendered":"<p>Unidades comercializadas somam 1,08 milh\u00e3o, diz Fenabrave Por Bruno Bocchini &#8211; Rep\u00f3rter da Ag\u00eancia Brasil<\/p>\n","protected":false},"author":2,"featured_media":101898,"comment_status":"open","ping_status":"open","sticky":false,"template":"","format":"standard","meta":{"footnotes":""},"categories":[17],"tags":[],"class_list":["post-101897","post","type-post","status-publish","format-standard","has-post-thumbnail","hentry","category-outras-noticias"],"_links":{"self":[{"href":"https:\/\/tvc16.com\/portal\/wp-json\/wp\/v2\/posts\/101897","targetHints":{"allow":["GET"]}}],"collection":[{"href":"https:\/\/tvc16.com\/portal\/wp-json\/wp\/v2\/posts"}],"about":[{"href":"https:\/\/tvc16.com\/portal\/wp-json\/wp\/v2\/types\/post"}],"author":[{"embeddable":true,"href":"https:\/\/tvc16.com\/portal\/wp-json\/wp\/v2\/users\/2"}],"replies":[{"embeddable":true,"href":"https:\/\/tvc16.com\/portal\/wp-json\/wp\/v2\/comments?post=101897"}],"version-history":[{"count":1,"href":"https:\/\/tvc16.com\/portal\/wp-json\/wp\/v2\/posts\/101897\/revisions"}],"predecessor-version":[{"id":101899,"href":"https:\/\/tvc16.com\/portal\/wp-json\/wp\/v2\/posts\/101897\/revisions\/101899"}],"wp:featuredmedia":[{"embeddable":true,"href":"https:\/\/tvc16.com\/portal\/wp-json\/wp\/v2\/media\/101898"}],"wp:attachment":[{"href":"https:\/\/tvc16.com\/portal\/wp-json\/wp\/v2\/media?parent=101897"}],"wp:term":[{"taxonomy":"category","embeddable":true,"href":"https:\/\/tvc16.com\/portal\/wp-json\/wp\/v2\/categories?post=101897"},{"taxonomy":"post_tag","embeddable":true,"href":"https:\/\/tvc16.com\/portal\/wp-json\/wp\/v2\/tags?post=101897"}],"curies":[{"name":"wp","href":"https:\/\/api.w.org\/{rel}","templated":true}]}}