{"id":1019,"date":"2020-09-23T12:25:18","date_gmt":"2020-09-23T12:25:18","guid":{"rendered":"https:\/\/tvc16.com\/portal\/?p=1019"},"modified":"2020-09-23T12:25:18","modified_gmt":"2020-09-23T12:25:18","slug":"mais-de-100-deputados-federais-assinam-manifesto-contra-corte-de-r-18-bi-no-orcamento-do-mec-para-2021","status":"publish","type":"post","link":"https:\/\/tvc16.com\/portal\/2020\/09\/23\/mais-de-100-deputados-federais-assinam-manifesto-contra-corte-de-r-18-bi-no-orcamento-do-mec-para-2021\/","title":{"rendered":"Mais de 100 deputados federais assinam manifesto contra corte de R$ 1,8 bi no or\u00e7amento do MEC para 2021"},"content":{"rendered":"\n<p>Mais de 100 deputados federais de diversos partidos se comprometeram a reverter o corte de R$ 1,8 bilh\u00e3o em despesas discricion\u00e1rias anunciado pelo Minist\u00e9rio da Educa\u00e7\u00e3o para 2021. Os parlamentares assinaram o <a href=\"http:\/\/www.jornaldaciencia.org.br\/wp-content\/uploads\/2020\/09\/ManifestoEducacao-1.pdf\" target=\"_blank\" rel=\"noreferrer noopener\">\u201cmanifesto pelo or\u00e7amento justo da Educa\u00e7\u00e3o\u201d<\/a>, endossado por diversas entidades da \u00e1rea, como a Associa\u00e7\u00e3o Nacional dos Dirigentes das Institui\u00e7\u00f5es Federais de Ensino Superior (Andifes) e Uni\u00e3o Nacional dos Estudantes (UNE) e 16 frentes parlamentares do Congresso Nacional.&nbsp;<\/p>\n\n\n\n<figure class=\"wp-block-image\"><img decoding=\"async\" src=\"\/\/s3-sa-east-1.amazonaws.com\/agencia-radio-arb\/2891\/content_orcamento-educacao_%281%29.png\" alt=\"\"\/><\/figure>\n\n\n\n<p>S\u00e3o consideradas despesas discricion\u00e1rias do Minist\u00e9rio da Educa\u00e7\u00e3o, por exemplo, a concess\u00e3o de bolsas de pesquisas no ensino superior, exames como o Prova Brasil e o Enem, investimentos no Programa Nacional de Acesso ao Ensino T\u00e9cnico e Emprego (Pronatec).&nbsp;<\/p>\n\n\n\n<p>Pol\u00edticos e membros de entidades participaram de um ato virtual em defesa de or\u00e7amento que atenda mais as necessidades da educa\u00e7\u00e3o brasileira. O deputado federal Pedro Cunha Lima (PSDB-PB), presidente da Comiss\u00e3o de Educa\u00e7\u00e3o na C\u00e2mara, diz que, ao longo do tempo, as despesas obrigat\u00f3rias t\u00eam crescido de forma substancial, o que acarreta na diminui\u00e7\u00e3o de outros investimentos na \u00e1rea.&nbsp;<\/p>\n\n\n\n<p>\u201cO crescimento das despesas obrigat\u00f3rias faz com que se diminua os investimentos da verba discricion\u00e1ria. Considero importante refletirmos sobre isso. Dessa forma, poderemos estabelecer um entendimento maior sobre a Educa\u00e7\u00e3o.\u201d<\/p>\n\n\n\n<p>No \u00e2mbito das universidades e institui\u00e7\u00f5es federais, as despesas discricion\u00e1rias englobam gastos com o funcionamento, obras, contrata\u00e7\u00e3o de servi\u00e7os de terceiriza\u00e7\u00e3o da m\u00e3o de obra e custos com assist\u00eancia estudantil.&nbsp;<\/p>\n\n\n\n<p>Rosana Cavalcante, vice-presidente de Rela\u00e7\u00f5es Parlamentares do Conselho Nacional das Institui\u00e7\u00f5es da Rede Federal (Conif) e reitora do Instituto Federal do Acre (Ifac), diz que o Governo Federal n\u00e3o aumenta os investimentos para o ensino federal h\u00e1 seis anos. Por outro lado, segundo ela, a oferta de vagas nessas institui\u00e7\u00f5es tem crescido ao longo dos anos.&nbsp;<\/p>\n\n\n\n<p>\u201cO or\u00e7amento federal praticamente n\u00e3o tem tido reajustes de 2014 para c\u00e1. Entre 2016 e 2019, trabalhamos com o mesmo or\u00e7amento. No entanto, a rede federal tem crescido em m\u00e9dia 6,8%. Significa que, apesar do or\u00e7amento reduzido, a oferta de vagas tem crescido\u201d, explica.<\/p>\n\n\n\n<p>Os parlamentares que compareceram no encontro realizado pela internet afirmaram que v\u00e3o tentar reverter o corte de R$ 1,8 bilh\u00e3o na Comiss\u00e3o Mista de Or\u00e7amento (CMO), colegiado formado por deputados federais e senadores que analisa propostas or\u00e7ament\u00e1rias elaboradas pelo Poder Executivo.&nbsp;<\/p>\n\n\n\n<h2 class=\"wp-block-heading\">Atualidade<\/h2>\n\n\n\n<p>Na \u00faltima semana, o ministro da Educa\u00e7\u00e3o, Milton Ribeiro, afirmou que cerca de R$ 1,6 bilh\u00e3o foi cortado do or\u00e7amento da pasta neste ano. O titular da pasta disse que o corte ocorreu pois a equipe econ\u00f4mica argumentou que o dinheiro n\u00e3o tinha uma clara finalidade de utiliza\u00e7\u00e3o. De acordo com ele, o corte pode prejudicar principalmente os investimentos na educa\u00e7\u00e3o b\u00e1sica.&nbsp;<\/p>\n\n\n\n<p>Fonte: <a href=\"https:\/\/brasil61.com\/noticias\/mais-de-100-deputados-federais-assinam-manifesto-contra-corte-de-r-1-8-bi-no-orcamento-do-mec-para-2021-bras201940\" target=\"_blank\" rel=\"noreferrer noopener\">Brasil 61<\/a><\/p>\n","protected":false},"excerpt":{"rendered":"<p>Mais de 100 deputados federais de diversos partidos se comprometeram a reverter o corte de<\/p>\n","protected":false},"author":2,"featured_media":1020,"comment_status":"open","ping_status":"open","sticky":false,"template":"","format":"standard","meta":{"footnotes":""},"categories":[15],"tags":[],"class_list":["post-1019","post","type-post","status-publish","format-standard","has-post-thumbnail","hentry","category-politica"],"_links":{"self":[{"href":"https:\/\/tvc16.com\/portal\/wp-json\/wp\/v2\/posts\/1019","targetHints":{"allow":["GET"]}}],"collection":[{"href":"https:\/\/tvc16.com\/portal\/wp-json\/wp\/v2\/posts"}],"about":[{"href":"https:\/\/tvc16.com\/portal\/wp-json\/wp\/v2\/types\/post"}],"author":[{"embeddable":true,"href":"https:\/\/tvc16.com\/portal\/wp-json\/wp\/v2\/users\/2"}],"replies":[{"embeddable":true,"href":"https:\/\/tvc16.com\/portal\/wp-json\/wp\/v2\/comments?post=1019"}],"version-history":[{"count":1,"href":"https:\/\/tvc16.com\/portal\/wp-json\/wp\/v2\/posts\/1019\/revisions"}],"predecessor-version":[{"id":1021,"href":"https:\/\/tvc16.com\/portal\/wp-json\/wp\/v2\/posts\/1019\/revisions\/1021"}],"wp:featuredmedia":[{"embeddable":true,"href":"https:\/\/tvc16.com\/portal\/wp-json\/wp\/v2\/media\/1020"}],"wp:attachment":[{"href":"https:\/\/tvc16.com\/portal\/wp-json\/wp\/v2\/media?parent=1019"}],"wp:term":[{"taxonomy":"category","embeddable":true,"href":"https:\/\/tvc16.com\/portal\/wp-json\/wp\/v2\/categories?post=1019"},{"taxonomy":"post_tag","embeddable":true,"href":"https:\/\/tvc16.com\/portal\/wp-json\/wp\/v2\/tags?post=1019"}],"curies":[{"name":"wp","href":"https:\/\/api.w.org\/{rel}","templated":true}]}}