{"id":101918,"date":"2025-04-05T05:00:00","date_gmt":"2025-04-05T08:00:00","guid":{"rendered":"https:\/\/tvc16.com\/portal\/?p=101918"},"modified":"2025-04-04T18:32:48","modified_gmt":"2025-04-04T21:32:48","slug":"ulan-galinski-sonha-estar-no-top-10-na-copa-do-mundo-de-mtb-em-araxa","status":"publish","type":"post","link":"https:\/\/tvc16.com\/portal\/2025\/04\/05\/ulan-galinski-sonha-estar-no-top-10-na-copa-do-mundo-de-mtb-em-araxa\/","title":{"rendered":"Ulan Galinski sonha estar no Top 10 na Copa do Mundo de MTB em Arax\u00e1"},"content":{"rendered":"\n<p>Na \u00faltima quinta-feira (03) come\u00e7ou a temporada 2025 da Copa do Mundo de Mountain Bike. E o Brasil \u00e9 o centro das aten\u00e7\u00f5es da modalidade recebendo em Arax\u00e1, Minas Gerais, as duas primeiras etapas da competi\u00e7\u00e3o.<\/p>\n\n\n\n<p>Os principais nomes do mountain bike est\u00e3o no Pa\u00eds para a disputa, que \u00e9 mais do que especial para Ulan Galinki, atleta baiano que compete pela Equipe Caloi Henrique Avancini Racing. Atual campe\u00e3o brasileiro do Cross Country Ol\u00edmpico (XCO), Galinski disputar\u00e1 as provas do XCO e XCC (Short Track).<\/p>\n\n\n\n<p>Principal nome do Brasil no MTB na atualidade, Ulan est\u00e1 confiante em conquistar grandes resultados em Arax\u00e1. Esse ano ele competiu quatro provas e venceu todas elas no XCO. Ano passado, competindo no Brasil, Ulan conquistou seu primeiro Top 20 em uma prova da Copa do Mundo. Seu objetivo em 2025 agora \u00e9 ainda maior.<\/p>\n\n\n\n<p>&#8220;A temporada de 2025 come\u00e7ou de forma bem especial para mim. \u00c9 uma grande honra poder representar o Brasil e carregar a bandeira de campe\u00e3o brasileiro no peito. Eu sabia que isso traria uma responsabilidade e uma press\u00e3o a mais, por\u00e9m estou muito feliz pelas conquistas at\u00e9 aqui. Foram quatro vit\u00f3rias em quatro provas de XCO disputadas nesse ano, com a \u00faltima sendo na cl\u00e1ssica e muito importante Copa Internacional de Arax\u00e1, prova World Class que ocorreu no mesmo circuito da Copa do Mundo, com atletas de n\u00edvel internacional. Sem d\u00favida a Copa do Mundo \u00e9 o principal objetivo nesse primeiro semestre e \u00e9 um grande privil\u00e9gio poder competir duas etapas dessa competi\u00e7\u00e3o em casa, no Brasil. Toda a minha prepara\u00e7\u00e3o at\u00e9 ent\u00e3o foi feita para esses dois pr\u00f3ximos finais de semana e estou muito feliz com o que a gente construiu at\u00e9 ent\u00e3o. Acredito que estou pronto para conquistar meu melhor resultado em etapas de Copa do Mundo, que \u00e9 estar entre os 10 melhores atletas do planeta&#8221;, diz Ulan, que acredita que a disputa ser\u00e1 bem acirrada no Brasil por ser a primeira prova da Copa do Mundo em 2025.<\/p>\n\n\n\n<p>&#8220;A primeira etapa da Copa do Mundo sempre traz uma expectativa e um misto de sensa\u00e7\u00f5es diferentes para todos os atletas. \u00c9 o momento de se testar pela primeira vez no mais alto n\u00edvel mundial, ver como \u00e9 que foi a pr\u00e9-temporada, como \u00e9 que tem sido o trabalho dos principais atletas do mundo at\u00e9 ent\u00e3o. E isso traz um misto de emo\u00e7\u00f5es diferentes e diria que \u00e9 a prova mais aberta do calend\u00e1rio mundial, por ser a primeira. \u00c9 muito dif\u00edcil apontar um favorito, sempre tem surpresas e eu espero ser uma dessas surpresas positivas na temporada 2025&#8221;.<\/p>\n\n\n\n<p>Sobre competir no Brasil, Ulan acredita que o calor do torcedor brasileiro \u00e9 diferente. E competir &#8220;em casa&#8221; \u00e9 algo que d\u00e1 uma energia extra para esse ciclista baiano que recebe carinho por onde passa no territ\u00f3rio nacional.<\/p>\n\n\n\n<p>&#8220;Sou muito grato por toda a energia e torcida que eu recebo do povo brasileiro. J\u00e1 pude sentir um pouco de toda essa energia, de toda essa emo\u00e7\u00e3o na semana passada, na Copa Internacional, aqui em Arax\u00e1. Me recordo muito bem de como foram especiais tamb\u00e9m as duas etapas da Copas do Mundo no ano passado (etapas em Mairipor\u00e3-SP e Arax\u00e1-MG). Eu realmente me sento muito privilegiado em poder representar o meu pa\u00eds, esse sempre foi um grande sonho de crian\u00e7a e eu assumo essa miss\u00e3o com o cora\u00e7\u00e3o aberto. Vou entregar esse mesmo cora\u00e7\u00e3o para representar todo o povo brasileiro da melhor forma&#8221;, finaliza o ciclista da Equipe Caloi Henrique Avancini Racing.<\/p>\n","protected":false},"excerpt":{"rendered":"<p>Na \u00faltima quinta-feira (03) come\u00e7ou a temporada 2025 da Copa do Mundo de Mountain Bike.<\/p>\n","protected":false},"author":2,"featured_media":101919,"comment_status":"open","ping_status":"open","sticky":false,"template":"","format":"standard","meta":{"footnotes":""},"categories":[12],"tags":[],"class_list":["post-101918","post","type-post","status-publish","format-standard","has-post-thumbnail","hentry","category-cidade"],"_links":{"self":[{"href":"https:\/\/tvc16.com\/portal\/wp-json\/wp\/v2\/posts\/101918","targetHints":{"allow":["GET"]}}],"collection":[{"href":"https:\/\/tvc16.com\/portal\/wp-json\/wp\/v2\/posts"}],"about":[{"href":"https:\/\/tvc16.com\/portal\/wp-json\/wp\/v2\/types\/post"}],"author":[{"embeddable":true,"href":"https:\/\/tvc16.com\/portal\/wp-json\/wp\/v2\/users\/2"}],"replies":[{"embeddable":true,"href":"https:\/\/tvc16.com\/portal\/wp-json\/wp\/v2\/comments?post=101918"}],"version-history":[{"count":2,"href":"https:\/\/tvc16.com\/portal\/wp-json\/wp\/v2\/posts\/101918\/revisions"}],"predecessor-version":[{"id":101943,"href":"https:\/\/tvc16.com\/portal\/wp-json\/wp\/v2\/posts\/101918\/revisions\/101943"}],"wp:featuredmedia":[{"embeddable":true,"href":"https:\/\/tvc16.com\/portal\/wp-json\/wp\/v2\/media\/101919"}],"wp:attachment":[{"href":"https:\/\/tvc16.com\/portal\/wp-json\/wp\/v2\/media?parent=101918"}],"wp:term":[{"taxonomy":"category","embeddable":true,"href":"https:\/\/tvc16.com\/portal\/wp-json\/wp\/v2\/categories?post=101918"},{"taxonomy":"post_tag","embeddable":true,"href":"https:\/\/tvc16.com\/portal\/wp-json\/wp\/v2\/tags?post=101918"}],"curies":[{"name":"wp","href":"https:\/\/api.w.org\/{rel}","templated":true}]}}