{"id":101932,"date":"2025-04-04T15:48:47","date_gmt":"2025-04-04T18:48:47","guid":{"rendered":"https:\/\/tvc16.com\/portal\/?p=101932"},"modified":"2025-04-04T15:48:49","modified_gmt":"2025-04-04T18:48:49","slug":"governador-claudio-castro-e-presidente-do-comite-das-chuvas-bernardo-rossi-estarao-em-petropolis-para-monitorar-temporais","status":"publish","type":"post","link":"https:\/\/tvc16.com\/portal\/2025\/04\/04\/governador-claudio-castro-e-presidente-do-comite-das-chuvas-bernardo-rossi-estarao-em-petropolis-para-monitorar-temporais\/","title":{"rendered":"Governador Cla\u00fadio Castro e presidente do comit\u00ea das chuvas, Bernardo Rossi estar\u00e3o em Petr\u00f3polis para monitorar temporais"},"content":{"rendered":"\n<p>Frente \u00e0s previs\u00f5es meteorol\u00f3gicas que apontam volume alto de chuvas at\u00e9 domingo na Regi\u00e3o Serrana, o governo do Estado est\u00e1 refor\u00e7ando a estrutura para resposta r\u00e1pida em todo estado. O governador Cl\u00e1udio Castro e o presidente do Comite de Chuvas do Estado, Bernardo Rossi, acompanhar\u00e3o a situa\u00e7\u00e3o das chuvas pessoalmente em Petr\u00f3polis &#8211; cidade considerada a mais vulner\u00e1vel do estado, que de acordo com as previs\u00f5es, est\u00e1 na rota das chuvas intensas.<\/p>\n\n\n\n<p>-Cancelamos as folgas de pol\u00edcias, bombeiros, todas as equipes est\u00e3o de sobre aviso, para o caso de termos alguma emerg\u00eancia &#8211; destaca o governador Cl\u00e1udio Castro.<\/p>\n\n\n\n<ul class=\"wp-block-list\">\n<li>Estamos acompanhando em tempo real no Inea o avan\u00e7o desta frente fria que trar\u00e1 grandes volumes de chuva entre sexta e domingo. O estado est\u00e1 adotando todas as medidas para agilizar as respostas em caso de necessidade. Petr\u00f3polis, que tem um hist\u00f3rico de grande vulnerabilidade, est\u00e1 recebendo refor\u00e7os de m\u00e1quinas e equipamentos para atua\u00e7\u00e3o imediata em caso de necessidade &#8211; assinala o secret\u00e1rio do Ambiente e coordenador do Comit\u00ea das Chuvas do Estado, Bernardo Rossi.<\/li>\n<\/ul>\n\n\n\n<p>A decis\u00e3o de acompanhar a situa\u00e7\u00e3o das chuvas presencialmente na Serra foi tratada por telefone com prefeito de Petr\u00f3polis, Hingo Hammes.<\/p>\n\n\n\n<ul class=\"wp-block-list\">\n<li>Essa parceria com o Governo do Estado \u00e9 fundamental neste per\u00edodo em que enfrentamos o risco de fortes chuvas. A prontid\u00e3o demonstrada antes mesmo da chegada do governador a Petr\u00f3polis mostra o comprometimento com a nossa cidade. Toda a estrutura estadual foi colocada \u00e0 disposi\u00e7\u00e3o: equipes t\u00e9cnicas capacitadas, m\u00e1quinas, caminh\u00f5es, e demais equipamentos essenciais j\u00e1 est\u00e3o mobilizados. Essa atua\u00e7\u00e3o integrada fortalece nossa capacidade de resposta e refor\u00e7a a import\u00e2ncia da uni\u00e3o entre os governos para proteger a popula\u00e7\u00e3o &#8211; assinala o prefeito Hingo Hammes.<\/li>\n<\/ul>\n\n\n\n<p>Por determina\u00e7\u00e3o do secret\u00e1rio do Ambiente e Sustentabilidade Bernardo Rossi, equipamentos e equipes do Programa Limpa Rio do Inea est\u00e3o se sobreaviso para atua\u00e7\u00e3o imediata em caso de necessidade. Hoje o Inea tem na cidade: 35 equipamentos, entre retroescavadeiras, tratores e caminh\u00f5es do programa Limpa Rio que podem ser direcionados para atua\u00e7\u00e3o em caso de emerg\u00eancia.<\/p>\n","protected":false},"excerpt":{"rendered":"<p>Frente \u00e0s previs\u00f5es meteorol\u00f3gicas que apontam volume alto de chuvas at\u00e9 domingo na Regi\u00e3o Serrana,<\/p>\n","protected":false},"author":2,"featured_media":101933,"comment_status":"open","ping_status":"open","sticky":false,"template":"","format":"standard","meta":{"footnotes":""},"categories":[12],"tags":[],"class_list":["post-101932","post","type-post","status-publish","format-standard","has-post-thumbnail","hentry","category-cidade"],"_links":{"self":[{"href":"https:\/\/tvc16.com\/portal\/wp-json\/wp\/v2\/posts\/101932","targetHints":{"allow":["GET"]}}],"collection":[{"href":"https:\/\/tvc16.com\/portal\/wp-json\/wp\/v2\/posts"}],"about":[{"href":"https:\/\/tvc16.com\/portal\/wp-json\/wp\/v2\/types\/post"}],"author":[{"embeddable":true,"href":"https:\/\/tvc16.com\/portal\/wp-json\/wp\/v2\/users\/2"}],"replies":[{"embeddable":true,"href":"https:\/\/tvc16.com\/portal\/wp-json\/wp\/v2\/comments?post=101932"}],"version-history":[{"count":1,"href":"https:\/\/tvc16.com\/portal\/wp-json\/wp\/v2\/posts\/101932\/revisions"}],"predecessor-version":[{"id":101934,"href":"https:\/\/tvc16.com\/portal\/wp-json\/wp\/v2\/posts\/101932\/revisions\/101934"}],"wp:featuredmedia":[{"embeddable":true,"href":"https:\/\/tvc16.com\/portal\/wp-json\/wp\/v2\/media\/101933"}],"wp:attachment":[{"href":"https:\/\/tvc16.com\/portal\/wp-json\/wp\/v2\/media?parent=101932"}],"wp:term":[{"taxonomy":"category","embeddable":true,"href":"https:\/\/tvc16.com\/portal\/wp-json\/wp\/v2\/categories?post=101932"},{"taxonomy":"post_tag","embeddable":true,"href":"https:\/\/tvc16.com\/portal\/wp-json\/wp\/v2\/tags?post=101932"}],"curies":[{"name":"wp","href":"https:\/\/api.w.org\/{rel}","templated":true}]}}