{"id":101948,"date":"2025-04-05T05:00:00","date_gmt":"2025-04-05T08:00:00","guid":{"rendered":"https:\/\/tvc16.com\/portal\/?p=101948"},"modified":"2025-04-04T19:14:37","modified_gmt":"2025-04-04T22:14:37","slug":"estado-do-rio-reforca-acoes-de-prevencao-a-chuva-neste-fim-de-semana","status":"publish","type":"post","link":"https:\/\/tvc16.com\/portal\/2025\/04\/05\/estado-do-rio-reforca-acoes-de-prevencao-a-chuva-neste-fim-de-semana\/","title":{"rendered":"Estado do Rio refor\u00e7a a\u00e7\u00f5es de preven\u00e7\u00e3o \u00e0 chuva neste fim de semana"},"content":{"rendered":"\n<p><strong>O governo do estado do Rio refor\u00e7ou as a\u00e7\u00f5es de planejamento e preven\u00e7\u00e3o com os 92 munic\u00edpios fluminenses em raz\u00e3o das fortes chuvas previstas para este fim de semana.<\/strong>&nbsp;Segundo o boletim meteorol\u00f3gico da Defesa Civil estadual, as temperaturas come\u00e7aram a cair nesta sexta-feira (4) no Rio de Janeiro, e a previs\u00e3o \u00e9 de altos acumulados de chuva em todo o estado, principalmente nas regi\u00f5es Serrana e da Costa Verde.&nbsp;<img decoding=\"async\" src=\"https:\/\/agenciabrasil.ebc.com.br\/ebc.png?id=1637617&amp;o=node\"><img decoding=\"async\" src=\"https:\/\/agenciabrasil.ebc.com.br\/ebc.gif?id=1637617&amp;o=node\"><\/p>\n\n\n\n<blockquote class=\"wp-block-quote is-layout-flow wp-block-quote-is-layout-flow\">\n<p>\u201cEstamos com a previs\u00e3o de temporal para as pr\u00f3ximas 48 horas em todo o estado. Pe\u00e7o que fiquem atentos aos avisos do Centro Estadual de Monitoramento e Alerta de Desastres Naturais [Cemaden-RJ] e, em caso de chuva forte, evitem sair de casa. A recomenda\u00e7\u00e3o para emerg\u00eancias \u00e9 procurar o Corpo de Bombeiros e as defesas civis estadual e municipais, para que possam garantir a seguran\u00e7a nesse per\u00edodo. Estamos atentos e trabalhando para que tudo corra bem no nosso Rio de Janeiro\u201d, afirmou o governador Cl\u00e1udio Castro.<\/p>\n<\/blockquote>\n\n\n\n<h2 class=\"wp-block-heading\">\u00c1reas de aten\u00e7\u00e3o<\/h2>\n\n\n\n<p><strong>As regi\u00f5es com mais risco de acumulado de chuva s\u00e3o a Serrana, a Costa Verde e o sul fluminense, \u00e1reas que concentram maior risco de deslizamentos, inunda\u00e7\u00f5es, enxurradas e alagamentos.<\/strong><br><br>As regionais da Defesa Civil j\u00e1 est\u00e3o em contato com as prefeituras de Petr\u00f3polis e de Angra dos Reis, como tamb\u00e9m com os quart\u00e9is locais, que tiveram o efetivo refor\u00e7ado. Os grupos de Respostas a Desastres (GRDs) continuam prontos.&nbsp;<br><br>Por meio do Cemaden, o monitoramento das condi\u00e7\u00f5es clim\u00e1ticas \u00e9 feito ininterruptamente, com emiss\u00e3o de alertas preventivos, sempre que necess\u00e1rio. O Sistema de Alerta e Alarme do Estado conta com 202 sirenes e 70 pluvi\u00f4metros instalados em \u00e1reas de risco.<br><br>A popula\u00e7\u00e3o pode se cadastrar gratuitamente para receber mensagens de SMS com alertas pelo n\u00famero 40199.<br><br>O Corpo de Bombeiros tamb\u00e9m est\u00e1 preparado para atender ocorr\u00eancias com viaturas de salvamento e resgate, embarca\u00e7\u00f5es, aeronaves, drones e equipes especializadas.&nbsp;<\/p>\n\n\n\n<p><strong>Em caso de necessidade, todas as unidades escolares da rede estadual poder\u00e3o funcionar como pontos de apoio \u00e0 popula\u00e7\u00e3o.<\/strong><\/p>\n\n\n\n<h2 class=\"wp-block-heading\">Log\u00edstica<\/h2>\n\n\n\n<p>A Secretaria de Desenvolvimento Social e Direitos Humanos mant\u00e9m a log\u00edstica de distribui\u00e7\u00e3o de insumos, com cestas b\u00e1sicas,&nbsp;<em>kits<\/em>&nbsp;de higiene e limpeza, \u00e1gua e colchonetes. Equipes e caminh\u00f5es j\u00e1 foram mobilizados para atendimento nas regi\u00f5es Serrana, noroeste e de Angra dos Reis.&nbsp;<br><br>A Secretaria de Infraestrutura e Obras P\u00fablicas disponibiliza maquin\u00e1rio pesado, como retroescavadeiras e caminh\u00f5es, para desobstru\u00e7\u00e3o de vias e aux\u00edlio emergencial.<\/p>\n\n\n\n<p>O programa Limpa Rio, da Secretaria do Ambiente, que atua preventivamente em rios, canais e lagoas, j\u00e1 removeu mais de 8,5 milh\u00f5es de metros c\u00fabicos de res\u00edduos em todo o estado.<\/p>\n\n\n\n<h2 class=\"wp-block-heading\">Petr\u00f3polis se prepara<\/h2>\n\n\n\n<p>A prefeitura de Petr\u00f3polis realizou nesta sexta-feira reuni\u00e3o intersetorial com o objetivo de preparar a cidade para as fortes chuvas previstas para o fim de semana. A chegada de uma frente fria aliada a um canal de umidade pode provocar tempestades e gerar acumulados significativos de chuva entre hoje e domingo (6).<\/p>\n\n\n\n<p>Segundo o prefeito Hingo Hammes, como ainda h\u00e1 previs\u00e3o de forte chuva, \u00e9 importante o munic\u00edpio estar preparado para dar respostas r\u00e1pidas. &#8220;Desde quarta-feira estamos com a\u00e7\u00f5es preventivas, com todas as equipes da Defesa Civil, da sa\u00fade e de outros \u00f3rg\u00e3os de prontid\u00e3o.\u201d<\/p>\n\n\n\n<blockquote class=\"wp-block-quote is-layout-flow wp-block-quote-is-layout-flow\">\n<p>\u201cEstamos acompanhando as atualiza\u00e7\u00f5es e comunicando a popula\u00e7\u00e3o para que todos possam tomar as medidas de prote\u00e7\u00e3o. Nosso objetivo \u00e9 prezar pela vida das pessoas e trabalhar para que a cidade fique segura\u201d, disse o secret\u00e1rio de Defesa Civil, Guilherme Moraes.<\/p>\n<\/blockquote>\n\n\n\n<p>Douglas Corr\u00eaa \u2013 Rep\u00f3rter da Ag\u00eancia Brasil<br>Foto: \u00a9 Fernando Fraz\u00e3o\/Ag\u00eancia Brasil<br><\/p>\n","protected":false},"excerpt":{"rendered":"<p>O governo do estado do Rio refor\u00e7ou as a\u00e7\u00f5es de planejamento e preven\u00e7\u00e3o com os<\/p>\n","protected":false},"author":2,"featured_media":101949,"comment_status":"open","ping_status":"open","sticky":false,"template":"","format":"standard","meta":{"footnotes":""},"categories":[17,1],"tags":[],"class_list":["post-101948","post","type-post","status-publish","format-standard","has-post-thumbnail","hentry","category-outras-noticias","category-uncategorized"],"_links":{"self":[{"href":"https:\/\/tvc16.com\/portal\/wp-json\/wp\/v2\/posts\/101948","targetHints":{"allow":["GET"]}}],"collection":[{"href":"https:\/\/tvc16.com\/portal\/wp-json\/wp\/v2\/posts"}],"about":[{"href":"https:\/\/tvc16.com\/portal\/wp-json\/wp\/v2\/types\/post"}],"author":[{"embeddable":true,"href":"https:\/\/tvc16.com\/portal\/wp-json\/wp\/v2\/users\/2"}],"replies":[{"embeddable":true,"href":"https:\/\/tvc16.com\/portal\/wp-json\/wp\/v2\/comments?post=101948"}],"version-history":[{"count":1,"href":"https:\/\/tvc16.com\/portal\/wp-json\/wp\/v2\/posts\/101948\/revisions"}],"predecessor-version":[{"id":101950,"href":"https:\/\/tvc16.com\/portal\/wp-json\/wp\/v2\/posts\/101948\/revisions\/101950"}],"wp:featuredmedia":[{"embeddable":true,"href":"https:\/\/tvc16.com\/portal\/wp-json\/wp\/v2\/media\/101949"}],"wp:attachment":[{"href":"https:\/\/tvc16.com\/portal\/wp-json\/wp\/v2\/media?parent=101948"}],"wp:term":[{"taxonomy":"category","embeddable":true,"href":"https:\/\/tvc16.com\/portal\/wp-json\/wp\/v2\/categories?post=101948"},{"taxonomy":"post_tag","embeddable":true,"href":"https:\/\/tvc16.com\/portal\/wp-json\/wp\/v2\/tags?post=101948"}],"curies":[{"name":"wp","href":"https:\/\/api.w.org\/{rel}","templated":true}]}}