{"id":10195,"date":"2021-02-08T22:38:30","date_gmt":"2021-02-09T01:38:30","guid":{"rendered":"https:\/\/tvc16.com\/portal\/?p=10195"},"modified":"2021-02-08T22:38:33","modified_gmt":"2021-02-09T01:38:33","slug":"arvores-leguminosas-nativas-da-mata-atlantica-sao-plantadas-em-homenagem-ao-dia-do-agente-de-defesa-ambiental","status":"publish","type":"post","link":"https:\/\/tvc16.com\/portal\/2021\/02\/08\/arvores-leguminosas-nativas-da-mata-atlantica-sao-plantadas-em-homenagem-ao-dia-do-agente-de-defesa-ambiental\/","title":{"rendered":"\u00c1rvores leguminosas nativas da Mata Atl\u00e2ntica s\u00e3o plantadas em homenagem ao Dia do Agente de Defesa Ambiental"},"content":{"rendered":"\n<p>Vinte mudas de \u00e1rvores foram plantadas nas margens do Rio Piabanha, no Duarte da Silveira, em uma a\u00e7\u00e3o conjunta entre a Prefeitura, atrav\u00e9s da Secretaria de Meio Ambiente e Comdep, Inea e a equipe do projeto C\u00edlios D\u2019\u00c1gua<\/p>\n\n\n\n<p>O gesto, realizado nesta segunda-feira (08), teve como objetivo lembrar o Dia do Agente de Defesa Ambiental, comemorado em 6 de fevereiro. A parceria \u00e9 uma extens\u00e3o do trabalho iniciado em janeiro, lembrando v\u00edtimas da Covid-19 na Cidade.<br>Foram plantadas mudas de mulungu, paineira, angico e imba\u00faba, \u00e1rvores leguminosas nativas da Mata Atl\u00e2ntica e que tem como principal caracter\u00edstica a fixa\u00e7\u00e3o de nitrog\u00eanio no solo. Segundo Eduardo Pinheiro, chefe da Revis Serra da Estrela \u2013 \u00f3rg\u00e3o ligado ao Inea, essas esp\u00e9cies se adaptam bem \u00e0s margens de rio.<br>&#8220;O nitrog\u00eanio desempenha papel fundamental na planta, sendo diretamente ligado a composi\u00e7\u00e3o de amino\u00e1cidos e prote\u00ednas. Escolhemos \u00e1rvores nativas, mudas que v\u00e3o crescer rapidamente nesse lugar, contribuindo com a qualidade da \u00e1gua&#8221;, explicou Eduardo.<br>O secret\u00e1rio de Meio Ambiente, Edmardo Campbell, destacou a parceria do governo municipal com a sociedade civil, atrav\u00e9s do projeto C\u00edlios D&#8217;\u00c1gua. Segundo ele, a ideia \u00e9 estender o plantio de \u00e1rvores para toda margem do Rio Piabinha, sempre com o apoio da comunidade no entorno. \u201cS\u00e3o a\u00e7\u00f5es em conjunto, mas que com a participa\u00e7\u00e3o dos moradores, se torna ainda mais efetiva, j\u00e1 que eles podem ajudar na conserva\u00e7\u00e3o desses lugares\u201d, disse.<br>Segundo Luiz Salgueiro, idealizador do projeto C\u00edlios D&#8217;\u00c1gua, a continuidade do trabalho vai trazer diversos benef\u00edcios para o munic\u00edpio. <\/p>\n\n\n\n<p>O reflorestamento das margens dos rios contribui com a quantidade e qualidade da \u00e1gua dispon\u00edvel, ret\u00e9m os sedimentos e parte dos poluentes qu\u00edmicos, evitando a polui\u00e7\u00e3o das \u00e1guas.<br>\u201cA mata ciliar possui a fun\u00e7\u00e3o de conservar o ambiente ao redor de rios e redes de drenagem. Preservar essa vegeta\u00e7\u00e3o ajuda a combater a escassez de \u00e1gua, al\u00e9m de melhorar a absor\u00e7\u00e3o para os len\u00e7\u00f3is fre\u00e1ticos. Vamos continuar com essas a\u00e7\u00f5es em parceria com o governo municipal, Inea e outros entes\u201d, disse Luiz.<\/p>\n","protected":false},"excerpt":{"rendered":"<p>Vinte mudas de \u00e1rvores foram plantadas nas margens do Rio Piabanha, no Duarte da Silveira,<\/p>\n","protected":false},"author":2,"featured_media":10197,"comment_status":"open","ping_status":"open","sticky":false,"template":"","format":"standard","meta":{"footnotes":""},"categories":[12],"tags":[],"class_list":["post-10195","post","type-post","status-publish","format-standard","has-post-thumbnail","hentry","category-cidade"],"_links":{"self":[{"href":"https:\/\/tvc16.com\/portal\/wp-json\/wp\/v2\/posts\/10195","targetHints":{"allow":["GET"]}}],"collection":[{"href":"https:\/\/tvc16.com\/portal\/wp-json\/wp\/v2\/posts"}],"about":[{"href":"https:\/\/tvc16.com\/portal\/wp-json\/wp\/v2\/types\/post"}],"author":[{"embeddable":true,"href":"https:\/\/tvc16.com\/portal\/wp-json\/wp\/v2\/users\/2"}],"replies":[{"embeddable":true,"href":"https:\/\/tvc16.com\/portal\/wp-json\/wp\/v2\/comments?post=10195"}],"version-history":[{"count":1,"href":"https:\/\/tvc16.com\/portal\/wp-json\/wp\/v2\/posts\/10195\/revisions"}],"predecessor-version":[{"id":10198,"href":"https:\/\/tvc16.com\/portal\/wp-json\/wp\/v2\/posts\/10195\/revisions\/10198"}],"wp:featuredmedia":[{"embeddable":true,"href":"https:\/\/tvc16.com\/portal\/wp-json\/wp\/v2\/media\/10197"}],"wp:attachment":[{"href":"https:\/\/tvc16.com\/portal\/wp-json\/wp\/v2\/media?parent=10195"}],"wp:term":[{"taxonomy":"category","embeddable":true,"href":"https:\/\/tvc16.com\/portal\/wp-json\/wp\/v2\/categories?post=10195"},{"taxonomy":"post_tag","embeddable":true,"href":"https:\/\/tvc16.com\/portal\/wp-json\/wp\/v2\/tags?post=10195"}],"curies":[{"name":"wp","href":"https:\/\/api.w.org\/{rel}","templated":true}]}}