{"id":101951,"date":"2025-04-05T05:00:00","date_gmt":"2025-04-05T08:00:00","guid":{"rendered":"https:\/\/tvc16.com\/portal\/?p=101951"},"modified":"2025-04-04T19:16:46","modified_gmt":"2025-04-04T22:16:46","slug":"receita-recebe-mais-de-8-milhoes-de-declaracoes-do-ir","status":"publish","type":"post","link":"https:\/\/tvc16.com\/portal\/2025\/04\/05\/receita-recebe-mais-de-8-milhoes-de-declaracoes-do-ir\/","title":{"rendered":"Receita recebe mais de 8 milh\u00f5es de declara\u00e7\u00f5es do IR"},"content":{"rendered":"\n<p><strong>Em quase tr\u00eas semanas de entrega, a Receita Federal recebeu 8.202.141 declara\u00e7\u00f5es do Imposto de Renda da Pessoa F\u00edsica (IRPF) de 2025.&nbsp;<\/strong>O n\u00famero, registrado at\u00e9 as 17h desta sexta-feira (31), equivale a 17,75% do total esperado para este ano.<img decoding=\"async\" src=\"https:\/\/agenciabrasil.ebc.com.br\/ebc.png?id=1637623&amp;o=node\"><img decoding=\"async\" src=\"https:\/\/agenciabrasil.ebc.com.br\/ebc.gif?id=1637623&amp;o=node\"><\/p>\n\n\n\n<p>Desde o dia 1\u00ba,&nbsp;<a href=\"https:\/\/agenciabrasil.ebc.com.br\/economia\/noticia\/2025-03\/declaracao-pre-preenchida-completa-do-ir-esta-disponivel\" target=\"_blank\" rel=\"noreferrer noopener\">quando a declara\u00e7\u00e3o pr\u00e9-preenchida<\/a>&nbsp;passou a ser baixada com todos os dados dispon\u00edveis, 2.832.002 contribuintes enviaram o documento. O abastecimento dos dados da declara\u00e7\u00e3o pr\u00e9-preenchida atrasou neste ano por causa da greve dos auditores fiscais da Receita.<\/p>\n\n\n\n<p>O prazo para entregar a declara\u00e7\u00e3o come\u00e7ou em 17 de mar\u00e7o e termina \u00e0s 23h59 do dia de 30 de maio. O programa gerador da declara\u00e7\u00e3o est\u00e1 dispon\u00edvel desde&nbsp;<a href=\"https:\/\/www.gov.br\/receitafederal\/pt-br\" target=\"_blank\" rel=\"noreferrer noopener\">13 de mar\u00e7o<\/a>.<\/p>\n\n\n\n<p>A Receita Federal espera receber 46,2 milh\u00f5es de declara\u00e7\u00f5es do Imposto de Renda da Pessoa F\u00edsica este ano, o que representar\u00e1 um acr\u00e9scimo de quase 7%, na compara\u00e7\u00e3o com 2024, quando foram entregues 43,2 milh\u00f5es de declara\u00e7\u00f5es.<\/p>\n\n\n\n<p>As pessoas f\u00edsicas que receberam rendimentos tribut\u00e1veis acima de R$ 33.888, assim como aquelas que obtiveram receita bruta da atividade rural acima de R$ 169.440, s\u00e3o obrigadas a declarar. As pessoas que receberam at\u00e9 dois sal\u00e1rios m\u00ednimos mensais durante 2024 est\u00e3o dispensadas de fazer a declara\u00e7\u00e3o, salvo se se enquadrarem em outro crit\u00e9rio de obrigatoriedade.<\/p>\n\n\n\n<p>Ag\u00eancia Brasil<br>Foto: \u00a9 Arte\/Ag\u00eancia Brasil<br><\/p>\n","protected":false},"excerpt":{"rendered":"<p>Em quase tr\u00eas semanas de entrega, a Receita Federal recebeu 8.202.141 declara\u00e7\u00f5es do Imposto de<\/p>\n","protected":false},"author":2,"featured_media":101952,"comment_status":"open","ping_status":"open","sticky":false,"template":"","format":"standard","meta":{"footnotes":""},"categories":[17],"tags":[],"class_list":["post-101951","post","type-post","status-publish","format-standard","has-post-thumbnail","hentry","category-outras-noticias"],"_links":{"self":[{"href":"https:\/\/tvc16.com\/portal\/wp-json\/wp\/v2\/posts\/101951","targetHints":{"allow":["GET"]}}],"collection":[{"href":"https:\/\/tvc16.com\/portal\/wp-json\/wp\/v2\/posts"}],"about":[{"href":"https:\/\/tvc16.com\/portal\/wp-json\/wp\/v2\/types\/post"}],"author":[{"embeddable":true,"href":"https:\/\/tvc16.com\/portal\/wp-json\/wp\/v2\/users\/2"}],"replies":[{"embeddable":true,"href":"https:\/\/tvc16.com\/portal\/wp-json\/wp\/v2\/comments?post=101951"}],"version-history":[{"count":1,"href":"https:\/\/tvc16.com\/portal\/wp-json\/wp\/v2\/posts\/101951\/revisions"}],"predecessor-version":[{"id":101953,"href":"https:\/\/tvc16.com\/portal\/wp-json\/wp\/v2\/posts\/101951\/revisions\/101953"}],"wp:featuredmedia":[{"embeddable":true,"href":"https:\/\/tvc16.com\/portal\/wp-json\/wp\/v2\/media\/101952"}],"wp:attachment":[{"href":"https:\/\/tvc16.com\/portal\/wp-json\/wp\/v2\/media?parent=101951"}],"wp:term":[{"taxonomy":"category","embeddable":true,"href":"https:\/\/tvc16.com\/portal\/wp-json\/wp\/v2\/categories?post=101951"},{"taxonomy":"post_tag","embeddable":true,"href":"https:\/\/tvc16.com\/portal\/wp-json\/wp\/v2\/tags?post=101951"}],"curies":[{"name":"wp","href":"https:\/\/api.w.org\/{rel}","templated":true}]}}