{"id":101954,"date":"2025-04-05T05:00:00","date_gmt":"2025-04-05T08:00:00","guid":{"rendered":"https:\/\/tvc16.com\/portal\/?p=101954"},"modified":"2025-04-04T19:18:25","modified_gmt":"2025-04-04T22:18:25","slug":"movimentos-negacionistas-sao-desafio-da-imunizacao-diz-padilha","status":"publish","type":"post","link":"https:\/\/tvc16.com\/portal\/2025\/04\/05\/movimentos-negacionistas-sao-desafio-da-imunizacao-diz-padilha\/","title":{"rendered":"Movimentos negacionistas s\u00e3o desafio da imuniza\u00e7\u00e3o, diz Padilha"},"content":{"rendered":"\n<p><strong>O ministro da Sa\u00fade, Alexandre Padilha, destacou nesta sexta-feira (4) que um dos aspectos negativos deixados pela pandemia de covid-19 foram&nbsp;os movimentos antivacina, que negam a import\u00e2ncia da imuniza\u00e7\u00e3o e por isso s\u00e3o chamados negacionistas.&nbsp;<\/strong>Ele ressaltou a quest\u00e3o no contexto do lan\u00e7amento da campanha nacional de vacina\u00e7\u00e3o da gripe, que come\u00e7a segunda-feira (7) em todo o pa\u00eds, mas que cidades&nbsp;como Rio de Janeiro e S\u00e3o Paulo&nbsp;anteciparam.<img decoding=\"async\" src=\"https:\/\/agenciabrasil.ebc.com.br\/ebc.png?id=1637620&amp;o=node\"><img decoding=\"async\" src=\"https:\/\/agenciabrasil.ebc.com.br\/ebc.gif?id=1637620&amp;o=node\"><\/p>\n\n\n\n<p>\u201cA gente precisa vencer essa batalha. Temos que fazer no pa\u00eds um movimento nacional pol\u00edtico, cultural, ideol\u00f3gico para enfrentar o negacionismo e superar as barreiras que a gente ainda tem em rela\u00e7\u00e3o \u00e0 vacina\u00e7\u00e3o. O Minist\u00e9rio da Sa\u00fade e a Fiocruz s\u00e3o barreiras fundamentais contra o negacionismo no nosso pa\u00eds\u201d, disse Padilha, durante a recondu\u00e7\u00e3o ao cargo para um mandato de quatro anos do presidente da Funda\u00e7\u00e3o Oswaldo Cruz (Fiocruz), Mario Moreira.<\/p>\n\n\n\n<p>Para reverter a situa\u00e7\u00e3o, Padilha conta com a for\u00e7a da mobiliza\u00e7\u00e3o cultural. \u201cTenho feito quest\u00e3o de falar com escolas de samba, com artistas que v\u00e3o entrar com muito for\u00e7a na campanha da gripe\u201d, afirmou.<\/p>\n\n\n\n<p><strong>Padilha adiantou que&nbsp;vai lan\u00e7ar este m\u00eas uma grande campanha de sa\u00fade nas escolas com o ministro da Educa\u00e7\u00e3o, Camilo Santana, para mobilizar crian\u00e7as e professores a serem difusores da mensagem da imuniza\u00e7\u00e3o. O movimento tamb\u00e9m quer aproveitar o ambiente escolar para ser espa\u00e7o de vacina\u00e7\u00e3o.<\/strong><\/p>\n\n\n\n<p>\u201cTenho falado com lideran\u00e7as religiosas de todas as religi\u00f5es. J\u00e1 levei o Z\u00e9 Gotinha na Assembleia de Deus. Vou levar o Z\u00e9 Gotinha a outras religi\u00f5es, de matriz africana. J\u00e1 falei com monges budistas, com rabinos, com lideran\u00e7as mu\u00e7ulmanas, estou falando com v\u00e1rias lideran\u00e7as evang\u00e9licas, com a CNBB (Confer\u00eancia Nacional dos Bispos do Brasil). Vou levar o Z\u00e9 Gotinha para todos os est\u00e1dios de futebol. Estamos fazendo um acordo com a CBF (Confedera\u00e7\u00e3o Brasileira de Futebol), com os times de futebol\u201d.<\/p>\n\n\n\n<h2 class=\"wp-block-heading\">Sarampo<\/h2>\n\n\n\n<p>Sobre a campanha de&nbsp;<a href=\"https:\/\/agenciabrasil.ebc.com.br\/saude\/noticia\/2025-03\/casos-de-sarampo-preocupam-mas-brasil-ainda-e-pais-livre-da-doenca\" target=\"_blank\" rel=\"noreferrer noopener\">vacina\u00e7\u00e3o contra o sarampo<\/a>&nbsp;nos munic\u00edpios priorit\u00e1rios para a imuniza\u00e7\u00e3o de bloqueio (Duque de Caxias, Mesquita, Belford Roxo, Nil\u00f3polis, Nova Igua\u00e7u e Rio de Janeiro, al\u00e9m de Itabora\u00ed, S\u00e3o Gon\u00e7alo e Niter\u00f3i), o ministro disse que quem tem muito contato com turista, como trabalhadores de rede hoteleira, taxistas, motoristas de aplicativo, vendedores, devem refor\u00e7ar a imuniza\u00e7\u00e3o, porque o risco do sarampo vem dos Estados Unidos, da Europa, e de outros continentes.<\/p>\n\n\n\n<p>Foram registrados dois casos em S\u00e3o Jo\u00e3o do Meriti, na Baixada Fluminense. Em Bras\u00edlia,&nbsp;<a href=\"https:\/\/agenciabrasil.ebc.com.br\/saude\/noticia\/2025-03\/distrito-federal-registra-primeiro-caso-de-sarampo-desde-2020\" target=\"_blank\" rel=\"noreferrer noopener\">um caso de sarampo foi importado<\/a>. A paciente retornou de uma viagem internacional, na qual visitou cinco pa\u00edses, e realizou diversos voos antes de retornar \u00e0 capital federal, no per\u00edodo do carnaval.&nbsp;<\/p>\n\n\n\n<h2 class=\"wp-block-heading\">OMS<\/h2>\n\n\n\n<p><strong>Padilha tamb\u00e9m destacou a necessidade de fazer uma grande articula\u00e7\u00e3o com a presid\u00eancia brasileira do bloco Brics para apoiar a Organiza\u00e7\u00e3o Mundial de Sa\u00fade (OMS)<\/strong>. Em janeiro, o presidente dos Estados Unidos, Donald Trump,&nbsp;<a href=\"https:\/\/agenciabrasil.ebc.com.br\/internacional\/noticia\/2020-05\/trump-anuncia-rompimento-dos-estados-unidos-com-oms\" target=\"_blank\" rel=\"noreferrer noopener\">anunciou a sa\u00edda do pa\u00eds da OMS<\/a>.<\/p>\n\n\n\n<p>\u201cSe o Trump resolveu cortar recursos para pesquisa de RNA mensageiro, cortar financiamento de pesquisadores, estimular o \u00f3dio naquele pa\u00eds contra pesquisadores de vacina de RNA mensageiro, que os pesquisadores saibam que h\u00e1&nbsp;aqui um pa\u00eds e uma institui\u00e7\u00e3o, a Fiocruz, que est\u00e1 preparada para produzir e registrar a primeira vacina de RNA mensageiro no nosso pa\u00eds\u201d, disse Padilha.<\/p>\n\n\n\n<p>\u201cN\u00f3s vamos criar um ambiente de atra\u00e7\u00e3o de pesquisadores para desenvolver aqui no Brasil aquilo que a extrema direita est\u00e1 querendo impedir de produzir nos Estados Unidos. Pesquisador que est\u00e1 nos Estados Unidos, temendo a persegui\u00e7\u00e3o e o corte de recursos feito pelo atual governo dos EUA, o Brasil, a Fiocruz, o Instituto Butantan, as universidades est\u00e3o de portas abertas para criar um parque tecnol\u00f3gico\u201d, convidou&nbsp;o ministro.<\/p>\n\n\n\n<p>&nbsp;O presidente da Fiocruz tamb\u00e9m ressaltou que os Estados Unidos est\u00e3o atuando firmemente contra a ci\u00eancia, contra o equil\u00edbrio mundial nas a\u00e7\u00f5es globais de sa\u00fade daqueles que mais precisam.<\/p>\n\n\n\n<blockquote class=\"wp-block-quote is-layout-flow wp-block-quote-is-layout-flow\">\n<p>\u201cA luta pela democracia n\u00e3o tem descanso nem em escala nacional nem em escala internacional. Temos que ficar atentos e fortes\u201d.<\/p>\n<\/blockquote>\n\n\n\n<p>Tendo em vista a quest\u00e3o da seguran\u00e7a p\u00fablica, Moreira observou que o problema tem afetado a sa\u00fade, em especial nas periferias. \u201cO entorno da Funda\u00e7\u00e3o tem sofrido com isso. Essa quest\u00e3o afeta a sa\u00fade mental, das comunidades e dos trabalhadores\u201d.<\/p>\n\n\n\n<p>Ana Cristina Campos &#8211; Rep\u00f3rter da Ag\u00eancia Brasil<br>Foto: \u00a9 Tomaz Silva\/Ag\u00eancia Brasil<br><\/p>\n","protected":false},"excerpt":{"rendered":"<p>O ministro da Sa\u00fade, Alexandre Padilha, destacou nesta sexta-feira (4) que um dos aspectos negativos<\/p>\n","protected":false},"author":2,"featured_media":101955,"comment_status":"open","ping_status":"open","sticky":false,"template":"","format":"standard","meta":{"footnotes":""},"categories":[17],"tags":[],"class_list":["post-101954","post","type-post","status-publish","format-standard","has-post-thumbnail","hentry","category-outras-noticias"],"_links":{"self":[{"href":"https:\/\/tvc16.com\/portal\/wp-json\/wp\/v2\/posts\/101954","targetHints":{"allow":["GET"]}}],"collection":[{"href":"https:\/\/tvc16.com\/portal\/wp-json\/wp\/v2\/posts"}],"about":[{"href":"https:\/\/tvc16.com\/portal\/wp-json\/wp\/v2\/types\/post"}],"author":[{"embeddable":true,"href":"https:\/\/tvc16.com\/portal\/wp-json\/wp\/v2\/users\/2"}],"replies":[{"embeddable":true,"href":"https:\/\/tvc16.com\/portal\/wp-json\/wp\/v2\/comments?post=101954"}],"version-history":[{"count":1,"href":"https:\/\/tvc16.com\/portal\/wp-json\/wp\/v2\/posts\/101954\/revisions"}],"predecessor-version":[{"id":101956,"href":"https:\/\/tvc16.com\/portal\/wp-json\/wp\/v2\/posts\/101954\/revisions\/101956"}],"wp:featuredmedia":[{"embeddable":true,"href":"https:\/\/tvc16.com\/portal\/wp-json\/wp\/v2\/media\/101955"}],"wp:attachment":[{"href":"https:\/\/tvc16.com\/portal\/wp-json\/wp\/v2\/media?parent=101954"}],"wp:term":[{"taxonomy":"category","embeddable":true,"href":"https:\/\/tvc16.com\/portal\/wp-json\/wp\/v2\/categories?post=101954"},{"taxonomy":"post_tag","embeddable":true,"href":"https:\/\/tvc16.com\/portal\/wp-json\/wp\/v2\/tags?post=101954"}],"curies":[{"name":"wp","href":"https:\/\/api.w.org\/{rel}","templated":true}]}}