{"id":101957,"date":"2025-04-05T05:00:00","date_gmt":"2025-04-05T08:00:00","guid":{"rendered":"https:\/\/tvc16.com\/portal\/?p=101957"},"modified":"2025-04-04T19:21:39","modified_gmt":"2025-04-04T22:21:39","slug":"ibge-fake-news-sobre-visita-do-pesquisador-prejudicam-coleta-de-dados","status":"publish","type":"post","link":"https:\/\/tvc16.com\/portal\/2025\/04\/05\/ibge-fake-news-sobre-visita-do-pesquisador-prejudicam-coleta-de-dados\/","title":{"rendered":"IBGE: fake news sobre visita do pesquisador prejudicam coleta de dados"},"content":{"rendered":"\n<p><strong>O<a href=\"https:\/\/agenciabrasil.ebc.com.br\/tags\/ibge\" target=\"_blank\" rel=\"noreferrer noopener\">&nbsp;Instituto Brasileiro de Geografia e Estat\u00edstica (IBGE)<\/a>&nbsp;fez um pedido nesta sexta-feira (4) para que a popula\u00e7\u00e3o n\u00e3o acredite em fake news que distorcem informa\u00e7\u00f5es sobre a rotina de visitas domiciliares de pesquisadores do instituto. O problema tem causado dificuldades na coleta de informa\u00e7\u00f5es, al\u00e9m de onerar os custos financeiros do levantamento.<\/strong><img decoding=\"async\" src=\"https:\/\/agenciabrasil.ebc.com.br\/ebc.png?id=1637618&amp;o=node\"><img decoding=\"async\" src=\"https:\/\/agenciabrasil.ebc.com.br\/ebc.gif?id=1637618&amp;o=node\"><\/p>\n\n\n\n<p>O apelo foi durante apresenta\u00e7\u00e3o de um balan\u00e7o parcial do andamento da Pesquisa de Or\u00e7amentos Familiares (POF), estudo que serve de base para pesquisas com o&nbsp;<a href=\"https:\/\/agenciabrasil.ebc.com.br\/tags\/ipca\" target=\"_blank\" rel=\"noreferrer noopener\">\u00cdndice Nacional de Pre\u00e7os ao Consumidor Amplo (IPCA)<\/a>, que apura a infla\u00e7\u00e3o oficial do pa\u00eds. O evento foi na Casa Brasil IBGE, no centro do Rio de Janeiro, espa\u00e7o aberto \u00e0 popula\u00e7\u00e3o, com exposi\u00e7\u00f5es e biblioteca.<\/p>\n\n\n\n<p><strong>A coordenadora de Pesquisas por Amostra de Domic\u00edlios, Adriana Beringuy, lamentou o fato de fake news, muitas delas amplificadas por redes sociais, afirmarem que visitas de pesquisadores do IBGE aos fins de semana seriam tentativas de fraudes<\/strong>.<\/p>\n\n\n\n<p>Ela explica que o IBGE se adapta \u00e0 rotina dos moradores, que costumam estar fora de casa durante o hor\u00e1rio comercial. Por isso, garante ela, pode haver visitas em hor\u00e1rios alternativos.<\/p>\n\n\n\n<blockquote class=\"wp-block-quote is-layout-flow wp-block-quote-is-layout-flow\">\n<p>&#8220;O pesquisador tem que fazer tentativas no in\u00edcio da noite, fim de semana e at\u00e9 feriado para conseguir fazer as entrevistas&#8221;, disse.<\/p>\n<\/blockquote>\n\n\n\n<h2 class=\"wp-block-heading\">Custos financeiros<\/h2>\n\n\n\n<p><strong>O gerente da POF, Leonardo Santos de Oliveira, destacou que os pesquisadores t\u00eam experi\u00eancia em reverter recusas de atendimento, no entanto, as resist\u00eancias geram dificuldades, inclusive financeiras.<\/strong><\/p>\n\n\n\n<blockquote class=\"wp-block-quote is-layout-flow wp-block-quote-is-layout-flow\">\n<p>&#8220;Isso encarece a pesquisa, pois voc\u00ea passa a ter que ir l\u00e1 mais vezes e torna o trabalho log\u00edstico mais dif\u00edcil&#8221;, constatou. \u201cEles [moradores] ligam at\u00e9 para a delegacia local, j\u00e1 teve relato desse estilo\u201d, afirmou Oliveira.<\/p>\n<\/blockquote>\n\n\n\n<p>O instituto de pesquisas criou o&nbsp;<a href=\"https:\/\/respondendo.ibge.gov.br\/\" target=\"_blank\" rel=\"noreferrer noopener\"><em>site&nbsp;<\/em>Respondendo ao IBGE<\/a>&nbsp;, no qual o morador pode confirmar a identidade dos pesquisadores. A p\u00e1gina permite comprovar a autenticidade dos agentes por meio do nome ou do n\u00famero do RG, do CPF ou da matr\u00edcula, expostos no crach\u00e1 do pesquisador.<\/p>\n\n\n\n<h2 class=\"wp-block-heading\">Retrato socioecon\u00f4mico<\/h2>\n\n\n\n<p>A POF foi iniciada em novembro de 2024 e est\u00e1 planejada para terminar em novembro de 2025. A pesquisa acompanha de perto h\u00e1bitos, consumo e condi\u00e7\u00f5es de vida da popula\u00e7\u00e3o. Com base nela \u00e9 determinada a chamada cesta de compras do brasileiro \u2013 conjunto dos produtos e servi\u00e7os adquiridos pelas fam\u00edlias dentro de um m\u00eas \u2013 que serve para ponderar o c\u00e1lculo do IPCA.<\/p>\n\n\n\n<p><strong>Dos 103.145 domic\u00edlios, de mais de dois mil munic\u00edpios de todas as unidades federativas do pa\u00eds, 36.759 foram visitados. Isso representa 35,6%. O avan\u00e7o da amostra est\u00e1 dentro do previsto pelo IBGE, uma vez que j\u00e1 se passaram 36,5% do tempo de dura\u00e7\u00e3o da fase de entrevistas.<\/strong><\/p>\n\n\n\n<blockquote class=\"wp-block-quote is-layout-flow wp-block-quote-is-layout-flow\">\n<p>O in\u00edcio do per\u00edodo de coleta da POF no ano passado foi poss\u00edvel ap\u00f3s o governo liberar recursos or\u00e7ament\u00e1rios extraordin\u00e1rios para o IBGE. De acordo com o diretor de Pesquisas do IBGE, Gustavo Junger, \u201ca suplementa\u00e7\u00e3o or\u00e7ament\u00e1ria foi fundamental para levar nossa pesquisa a campo\u201d.<\/p>\n<\/blockquote>\n\n\n\n<p>Ele n\u00e3o informou o custo da pesquisa, mas garantiu que \u201cn\u00e3o existe nenhum tipo de impedimento ou risco\u201d para a conclus\u00e3o do estudo.<\/p>\n\n\n\n<h2 class=\"wp-block-heading\">Acompanhamento por agentes<\/h2>\n\n\n\n<p>Os domic\u00edlios que fazem parte da amostra da pesquisa precisam ser acompanhados pelos agentes do IBGE por nove dias, de forma presencial e por meios eletr\u00f4nicos, como respostas enviadas por tabletes.&nbsp;<strong>Por ser um amplo mapeamento das condi\u00e7\u00f5es socioecon\u00f4micas dos brasileiros, os question\u00e1rios aplicados s\u00e3o mais densos do que outras pesquisas, o que faz o IBGE pedir mais compreens\u00e3o da popula\u00e7\u00e3o.<\/strong><\/p>\n\n\n\n<p>Os agentes pedem que os entrevistados anotem todos os gastos &#8211; do cafezinho ao aluguel, passando pela compra de medicamentos, por exemplo.<\/p>\n\n\n\n<figure class=\"wp-block-image\"><img loading=\"lazy\" decoding=\"async\" width=\"754\" height=\"503\" src=\"https:\/\/tvc16.com\/portal\/wp-content\/uploads\/2025\/04\/0d9a1222_0.webp\" alt=\"Bras\u00edlia (DF), 08\/07\/2024 - Entrevista com o presidente do IBGE, M\u00e1rcio Poschman Foto: Jos\u00e9 Cruz\/Ag\u00eancia Brasil\" class=\"wp-image-101959\" title=\"Jos\u00e9 Cruz\/Ag\u00eancia Brasil\" srcset=\"https:\/\/tvc16.com\/portal\/wp-content\/uploads\/2025\/04\/0d9a1222_0.webp 754w, https:\/\/tvc16.com\/portal\/wp-content\/uploads\/2025\/04\/0d9a1222_0-300x200.webp 300w\" sizes=\"auto, (max-width: 754px) 100vw, 754px\" \/><\/figure>\n\n\n\n<p>Presidente do IBGE, Marcio Pochman, pediu apoio da popula\u00e7\u00e3o para receber bem o pesquisador.&nbsp;<strong>Foto\/arquivo &#8211;&nbsp;Jos\u00e9 Cruz\/Ag\u00eancia Brasil<\/strong><\/p>\n\n\n\n<p>O presidente do IBGE, Marcio Pochmann, participou do evento por meio de um v\u00eddeo gravado e falou sobre a import\u00e2ncia da POF.<\/p>\n\n\n\n<blockquote class=\"wp-block-quote is-layout-flow wp-block-quote-is-layout-flow\">\n<p>\u201cEssa informa\u00e7\u00e3o \u00e9 b\u00e1sica para o Brasil poder medir melhor a infla\u00e7\u00e3o, o custo de vida. Essa pesquisa tamb\u00e9m nos ajuda a compreender a qualidade de vida dos brasileiros, saber se h\u00e1 ou n\u00e3o defici\u00eancia alimentar\u201d, disse.<\/p>\n<\/blockquote>\n\n\n\n<p>Ao acrescentar que essas informa\u00e7\u00f5es servem para a elabora\u00e7\u00e3o de pol\u00edticas p\u00fablicas que buscam melhorar a condi\u00e7\u00e3o de vida das pessoas, Pochmann pediu a colabora\u00e7\u00e3o da popula\u00e7\u00e3o no atendimento ao pesquisador. \u201cQuero pedir o seu apoio para receber muito bem o pesquisador do IBGE\u201d.<\/p>\n\n\n\n<p><strong>A \u00faltima coleta de dados da POF tinha sido nos anos 2017 e 2018. Na \u00e9poca, o IBGE identificou que os principais gastos mensais dos brasileiros eram com habita\u00e7\u00e3o (36,6%), transportes (18,1%) e alimenta\u00e7\u00e3o (17,5%).<\/strong><\/p>\n\n\n\n<p>A coordenadora de Pesquisas por Amostra de Domic\u00edlios, Adriana Beringuy, lembrou que o pa\u00eds viveu grandes mudan\u00e7as desde a \u00faltima POF.<\/p>\n\n\n\n<blockquote class=\"wp-block-quote is-layout-flow wp-block-quote-is-layout-flow\">\n<p>\u201cA gente teve uma pandemia que impactou comportamentos pessoais e familiares\u201d, citou ela, que destacou ainda avan\u00e7os no uso de tecnologias e redes sociais, \u201ccomo trabalho e consumo pelo aplicativo\u201d, completou.<\/p>\n<\/blockquote>\n\n\n\n<h2 class=\"wp-block-heading\">Dados in\u00e9ditos<\/h2>\n\n\n\n<p>A edi\u00e7\u00e3o da POF que est\u00e1 em campo coletar\u00e1 dados in\u00e9ditos, como gasto dos brasileiros com as bets (plataformas de apostas&nbsp;<em>online<\/em>) e a forma como as pessoas usam o tempo. O IBGE tamb\u00e9m faz perguntas sobre uso aquisi\u00e7\u00e3o de eletrodom\u00e9sticos, consumo alimentar, identidade de g\u00eanero e orienta\u00e7\u00e3o sexual.<\/p>\n\n\n\n<p><strong>A coordenadora Adriana Beringuy informou que o IBGE tem um projeto para tornar a POF uma pesquisa cont\u00ednua, \u201csempre em campo\u201d, como \u00e9 a pesquisa sobre desemprego. \u201cFuturamente\u201d, adiantou, sem especificar datas.<\/strong><\/p>\n\n\n\n<p>Os t\u00e9cnicos do IBGE n\u00e3o precisaram quando a nova POF determinar\u00e1 a nova pondera\u00e7\u00e3o da cesta de consumo dos brasileiros para c\u00e1lculo da infla\u00e7\u00e3o.<\/p>\n\n\n\n<p>Bruno de Freitas Moura &#8211; Rep\u00f3rter da Ag\u00eancia Brasil<br>Foto:\u00a9 T\u00e2nia R\u00eago\/Ag\u00eancia Brasil<br><\/p>\n","protected":false},"excerpt":{"rendered":"<p>O&nbsp;Instituto Brasileiro de Geografia e Estat\u00edstica (IBGE)&nbsp;fez um pedido nesta sexta-feira (4) para que a<\/p>\n","protected":false},"author":2,"featured_media":101958,"comment_status":"open","ping_status":"open","sticky":false,"template":"","format":"standard","meta":{"footnotes":""},"categories":[17],"tags":[],"class_list":["post-101957","post","type-post","status-publish","format-standard","has-post-thumbnail","hentry","category-outras-noticias"],"_links":{"self":[{"href":"https:\/\/tvc16.com\/portal\/wp-json\/wp\/v2\/posts\/101957","targetHints":{"allow":["GET"]}}],"collection":[{"href":"https:\/\/tvc16.com\/portal\/wp-json\/wp\/v2\/posts"}],"about":[{"href":"https:\/\/tvc16.com\/portal\/wp-json\/wp\/v2\/types\/post"}],"author":[{"embeddable":true,"href":"https:\/\/tvc16.com\/portal\/wp-json\/wp\/v2\/users\/2"}],"replies":[{"embeddable":true,"href":"https:\/\/tvc16.com\/portal\/wp-json\/wp\/v2\/comments?post=101957"}],"version-history":[{"count":1,"href":"https:\/\/tvc16.com\/portal\/wp-json\/wp\/v2\/posts\/101957\/revisions"}],"predecessor-version":[{"id":101960,"href":"https:\/\/tvc16.com\/portal\/wp-json\/wp\/v2\/posts\/101957\/revisions\/101960"}],"wp:featuredmedia":[{"embeddable":true,"href":"https:\/\/tvc16.com\/portal\/wp-json\/wp\/v2\/media\/101958"}],"wp:attachment":[{"href":"https:\/\/tvc16.com\/portal\/wp-json\/wp\/v2\/media?parent=101957"}],"wp:term":[{"taxonomy":"category","embeddable":true,"href":"https:\/\/tvc16.com\/portal\/wp-json\/wp\/v2\/categories?post=101957"},{"taxonomy":"post_tag","embeddable":true,"href":"https:\/\/tvc16.com\/portal\/wp-json\/wp\/v2\/tags?post=101957"}],"curies":[{"name":"wp","href":"https:\/\/api.w.org\/{rel}","templated":true}]}}