{"id":101970,"date":"2025-04-05T14:00:00","date_gmt":"2025-04-05T17:00:00","guid":{"rendered":"https:\/\/tvc16.com\/portal\/?p=101970"},"modified":"2025-04-04T19:37:12","modified_gmt":"2025-04-04T22:37:12","slug":"balanca-comercial-se-recupera-e-tem-superavit-de-us-815-bi-em-marco","status":"publish","type":"post","link":"https:\/\/tvc16.com\/portal\/2025\/04\/05\/balanca-comercial-se-recupera-e-tem-superavit-de-us-815-bi-em-marco\/","title":{"rendered":"Balan\u00e7a comercial se recupera e tem super\u00e1vit de US$ 8,15 bi em mar\u00e7o"},"content":{"rendered":"\n<p>O in\u00edcio de algumas safras e a alta nas vendas de min\u00e9rio de cobre e de carnes fizeram a balan\u00e7a comercial se recuperar e registrar o segundo melhor super\u00e1vit da s\u00e9rie hist\u00f3rica para meses de mar\u00e7o. No m\u00eas passado, o pa\u00eds exportou US$ 8,154 bilh\u00f5es a mais do que importou, divulgou nesta sexta-feira (4) o Minist\u00e9rio do Desenvolvimento, Ind\u00fastria, Com\u00e9rcio e Servi\u00e7os (Mdic).<img decoding=\"async\" src=\"https:\/\/agenciabrasil.ebc.com.br\/ebc.png?id=1637614&amp;o=node\"><img decoding=\"async\" src=\"https:\/\/agenciabrasil.ebc.com.br\/ebc.gif?id=1637614&amp;o=node\"><\/p>\n\n\n\n<p><strong>O resultado \u00e9 o mais alto para meses de mar\u00e7o desde 2023, quando a balan\u00e7a comercial tinha registrado super\u00e1vit de US$ 10,751 bilh\u00f5es. Em rela\u00e7\u00e3o a mar\u00e7o de 2024, o super\u00e1vit subiu 13,8%.<\/strong><\/p>\n\n\n\n<p>Em mar\u00e7o, o pa\u00eds exportou US$ 29,177 bilh\u00f5es, alta de 5,5% em rela\u00e7\u00e3o ao registrado no mesmo m\u00eas do ano passado e o terceiro melhor mar\u00e7o desde 1989, quando come\u00e7ou a s\u00e9rie hist\u00f3rica, s\u00f3 perdendo para 2023 e 2022. As importa\u00e7\u00f5es somaram US$ 21,023 bilh\u00f5es, alta de 2,6% na mesma compara\u00e7\u00e3o e tamb\u00e9m o terceiro maior valor da hist\u00f3ria, inferior apenas aos de 2023 e 2022.<\/p>\n\n\n\n<p><strong>Do lado das exporta\u00e7\u00f5es, a alta no pre\u00e7o do caf\u00e9 e o in\u00edcio da safra de soja e de milho ajudaram a recuperar a balan\u00e7a<\/strong>. As vendas de alguns produtos, como carne bovina, celulose e min\u00e9rio de cobre, subiram no m\u00eas passado, compensando a diminui\u00e7\u00e3o de pre\u00e7o dos demais produtos.<\/p>\n\n\n\n<p><strong>Do lado das importa\u00e7\u00f5es, as aquisi\u00e7\u00f5es de motores, m\u00e1quinas, medicamentos, componentes de ve\u00edculos, adubos e fertilizantes qu\u00edmicos subiram.<\/strong>&nbsp;A maior alta ocorreu com as m\u00e1quinas e motores, cujo valor comprado aumentou 45,9% em mar\u00e7o na compara\u00e7\u00e3o com mar\u00e7o do ano passado.<\/p>\n\n\n\n<p><strong>No m\u00eas passado, o volume de mercadorias exportadas subiu 5%, puxado pelo in\u00edcio da safra de diversos produtos.<\/strong>&nbsp;Os pre\u00e7os aumentaram apenas 0,4% em m\u00e9dia na compara\u00e7\u00e3o com o mesmo m\u00eas do ano passado. Nas importa\u00e7\u00f5es, a quantidade comprada subiu 4,2%, impulsionado pelo crescimento econ\u00f4mico, mas os pre\u00e7os m\u00e9dios recuaram 1,5%, refletindo a queda no valor das commodities (bens prim\u00e1rios com cota\u00e7\u00e3o internacional).<\/p>\n\n\n\n<h2 class=\"wp-block-heading\">Setores<\/h2>\n\n\n\n<p>No&nbsp;<strong>setor agropecu\u00e1rio<\/strong>, a alta na quantidade pesou mais no aumento das exporta\u00e7\u00f5es. O volume de mercadorias embarcadas subiu 10,8% em mar\u00e7o na compara\u00e7\u00e3o com o mesmo m\u00eas de 2024, enquanto o pre\u00e7o m\u00e9dio subiu 4,3%.<\/p>\n\n\n\n<p>Na&nbsp;<strong>ind\u00fastria de transforma\u00e7\u00e3o<\/strong>, a quantidade subiu 9%, com o pre\u00e7o m\u00e9dio caindo 0,9%, refletindo uma certa recupera\u00e7\u00e3o econ\u00f4mica na Argentina, o maior comprador de bens industrializados do Brasil.<\/p>\n\n\n\n<p>Na&nbsp;<strong>ind\u00fastria extrativa<\/strong>, que engloba a exporta\u00e7\u00e3o de min\u00e9rios e de petr\u00f3leo, a quantidade exportada caiu 10,6%, puxada pela manuten\u00e7\u00e3o de plataformas de petr\u00f3leo, enquanto os pre\u00e7os m\u00e9dios recuaram 4,9%.<\/p>\n\n\n\n<h2 class=\"wp-block-heading\">Estimativa<\/h2>\n\n\n\n<p>Ap\u00f3s divulgar estimativas por intervalos de valores em janeiro, o Mdic atualizou as estimativas para a balan\u00e7a comercial do ano. O super\u00e1vit dever\u00e1 ficar em US$ 70,2, queda de 5,4% em rela\u00e7\u00e3o a 2024. Na previs\u00e3o anterior, o saldo estava numa banda entre US$ 60 bilh\u00f5es e US$ 80 bilh\u00f5es.&nbsp;<strong>A pr\u00f3xima proje\u00e7\u00e3o ser\u00e1 divulgada em julho<\/strong>.<\/p>\n\n\n\n<p><strong>Segundo o MDIC, as exporta\u00e7\u00f5es subir\u00e3o 4,8% em 2025 na compara\u00e7\u00e3o com 2024, encerrando o ano em US$ 353,1 bilh\u00f5es. As importa\u00e7\u00f5es subir\u00e3o 7,6% e fechar\u00e3o o ano em US$ 282,9 bilh\u00f5es.&nbsp;<\/strong>As estimativas, no entanto, devem ser revistas em breve porque n\u00e3o consideram os efeitos do tarifa\u00e7o de Donald Trump nem da retalia\u00e7\u00e3o comercial da China.<\/p>\n\n\n\n<p>As previs\u00f5es est\u00e3o mais pessimistas do que as do mercado financeiro.&nbsp;<strong>O boletim Focus, pesquisa com analistas de mercado divulgada toda semana pelo Banco Central, projeta super\u00e1vit de US$ 75 bilh\u00f5es neste ano.<\/strong><\/p>\n\n\n\n<p>Wellton M\u00e1ximo \u2013 Rep\u00f3rter da Ag\u00eancia Brasil<br>Foto: \u00a9 Divulga\u00e7\u00e3o\/Porto de Santos<br><\/p>\n","protected":false},"excerpt":{"rendered":"<p>O in\u00edcio de algumas safras e a alta nas vendas de min\u00e9rio de cobre e<\/p>\n","protected":false},"author":2,"featured_media":101971,"comment_status":"open","ping_status":"open","sticky":false,"template":"","format":"standard","meta":{"footnotes":""},"categories":[17],"tags":[],"class_list":["post-101970","post","type-post","status-publish","format-standard","has-post-thumbnail","hentry","category-outras-noticias"],"_links":{"self":[{"href":"https:\/\/tvc16.com\/portal\/wp-json\/wp\/v2\/posts\/101970","targetHints":{"allow":["GET"]}}],"collection":[{"href":"https:\/\/tvc16.com\/portal\/wp-json\/wp\/v2\/posts"}],"about":[{"href":"https:\/\/tvc16.com\/portal\/wp-json\/wp\/v2\/types\/post"}],"author":[{"embeddable":true,"href":"https:\/\/tvc16.com\/portal\/wp-json\/wp\/v2\/users\/2"}],"replies":[{"embeddable":true,"href":"https:\/\/tvc16.com\/portal\/wp-json\/wp\/v2\/comments?post=101970"}],"version-history":[{"count":1,"href":"https:\/\/tvc16.com\/portal\/wp-json\/wp\/v2\/posts\/101970\/revisions"}],"predecessor-version":[{"id":101972,"href":"https:\/\/tvc16.com\/portal\/wp-json\/wp\/v2\/posts\/101970\/revisions\/101972"}],"wp:featuredmedia":[{"embeddable":true,"href":"https:\/\/tvc16.com\/portal\/wp-json\/wp\/v2\/media\/101971"}],"wp:attachment":[{"href":"https:\/\/tvc16.com\/portal\/wp-json\/wp\/v2\/media?parent=101970"}],"wp:term":[{"taxonomy":"category","embeddable":true,"href":"https:\/\/tvc16.com\/portal\/wp-json\/wp\/v2\/categories?post=101970"},{"taxonomy":"post_tag","embeddable":true,"href":"https:\/\/tvc16.com\/portal\/wp-json\/wp\/v2\/tags?post=101970"}],"curies":[{"name":"wp","href":"https:\/\/api.w.org\/{rel}","templated":true}]}}