{"id":101973,"date":"2025-04-05T05:00:00","date_gmt":"2025-04-05T08:00:00","guid":{"rendered":"https:\/\/tvc16.com\/portal\/?p=101973"},"modified":"2025-04-04T19:41:39","modified_gmt":"2025-04-04T22:41:39","slug":"renato-gaucho-e-apresentado-como-novo-tecnico-do-fluminense","status":"publish","type":"post","link":"https:\/\/tvc16.com\/portal\/2025\/04\/05\/renato-gaucho-e-apresentado-como-novo-tecnico-do-fluminense\/","title":{"rendered":"Renato Ga\u00facho \u00e9 apresentado como novo t\u00e9cnico do Fluminense"},"content":{"rendered":"\n<p>De volta ao comando do Fluminense ap\u00f3s hiato de 11 anos, o t\u00e9cnico Renato Ga\u00facho, de 62 anos, comandou o primeiro treino com o time nesta sexta-feira (4), um dia ap\u00f3s assinar contrato com o clube carioca, em substitui\u00e7\u00e3o a Mano Menezes, demitido ap\u00f3s derrota do Tricolor para o Fortaleza, na primeira rodada do Campeonato Brasileiro. Ap\u00f3s a primeira atividade com os jogadores, Ga\u00facho foi apresentado oficialmente em coletiva de imprensa.<img decoding=\"async\" src=\"https:\/\/agenciabrasil.ebc.com.br\/ebc.png?id=1637615&amp;o=node\"><img decoding=\"async\" src=\"https:\/\/agenciabrasil.ebc.com.br\/ebc.gif?id=1637615&amp;o=node\"><\/p>\n\n\n\n<blockquote class=\"wp-block-quote is-layout-flow wp-block-quote-is-layout-flow\">\n<p>\u201cAcima de tudo, fico muito feliz por estar aqui. \u00c9 l\u00f3gico que todas as competi\u00e7\u00f5es que a gente entra, a gente entra para ganhar. Nem sempre \u00e9 poss\u00edvel, mas a gente trabalha no dia a dia para conquistar sempre os resultados para conquistar t\u00edtulos e disso eu n\u00e3o abro m\u00e3o\u201d pontuou treinador, que foi presenteado com a camisa 7<strong>,&nbsp;<\/strong>a mesma numera\u00e7\u00e3o do uniforme que usou na conquista do Campeonato Carioca de 1995, quando marcou o&nbsp;hist\u00f3rico gol de barriga contra o Flamengo.<\/p>\n<\/blockquote>\n\n\n\n<figure class=\"wp-block-image\"><img loading=\"lazy\" decoding=\"async\" width=\"754\" height=\"424\" src=\"https:\/\/tvc16.com\/portal\/wp-content\/uploads\/2025\/04\/camisa_7_renato_gaucho_flu.webp\" alt=\"Durante apresenta\u00e7\u00e3o como novo treinador do Fluminense, Renato Ga\u00facho \u00e9 presenteado com a camisa 7, a mesma numera\u00e7\u00e3o do uniforme que usou na conquista do Campeonato Carioca de 1995, em que marcou o hist\u00f3rico gol de barriga contra o Flamengo\" class=\"wp-image-101975\" title=\"Divulga\u00e7\u00e3o\/Fluminense F.C.\" srcset=\"https:\/\/tvc16.com\/portal\/wp-content\/uploads\/2025\/04\/camisa_7_renato_gaucho_flu.webp 754w, https:\/\/tvc16.com\/portal\/wp-content\/uploads\/2025\/04\/camisa_7_renato_gaucho_flu-300x169.webp 300w\" sizes=\"auto, (max-width: 754px) 100vw, 754px\" \/><\/figure>\n\n\n\n<p>Renato Ga\u00facho \u00e9 presenteado pelo presidente do clube M\u00e1rio Bittencourt e pelo diretor de futebol Paulo Angioni com a camisa 7, a mesma numera\u00e7\u00e3o que usou na conquista do Campeonato Carioca de 1995, quando marcou o hist\u00f3rico gol de barriga contra o Flamengo &#8211;&nbsp;<strong>Divulga\u00e7\u00e3o\/Fluminense F.C.<\/strong><\/p>\n\n\n\n<p>Esta \u00e9 a s\u00e9tima passagem de Ga\u00facho como treinador pelo Tricolor carioca. Ele comandou o clube em 2002-2003, 2003, 2007-2008 (quando faturou a Copa do Brasil e o vice-campeonato da Libertadores), 2009 e 2014. O t\u00e9cnico vai trabalhar em parceria com os&nbsp;auxiliares Alexandre Mendes e Marcelo Salles. A&nbsp;prepara\u00e7\u00e3o f\u00edsica ficar\u00e1 a cargo do coordenador da \u00e1rea,&nbsp;Ricardo Henriques, no clube desde fevereiro de 2024. &nbsp;<\/p>\n\n\n\n<p>Durante a entrevista, Ga\u00facho adiantou que projeta o Tricolor jogando com alegria e coragem.<\/p>\n\n\n\n<blockquote class=\"wp-block-quote is-layout-flow wp-block-quote-is-layout-flow\">\n<p>\u201cConversei bastante [com os jogadores], o que procurei passar para o grupo foi alegria de jogar e coragem. Isso o torcedor pode ficar tranquilo que vai ver no meu time. O Fluminense&nbsp;enquanto eu estiver aqui vai jogar como time grande, vai respeitar os advers\u00e1rio, mas vai jogar para dentro, sempre para vencer. Trabalhando sempre com cuidado defensivo. O&nbsp;Fluminense&nbsp;vai jogar como time grande independente do advers\u00e1rio\u201d, garantiu o treinador.<\/p>\n<\/blockquote>\n\n\n\n<p>A reestreia de Ga\u00facho ser\u00e1 no pr\u00f3ximo domingo (6), no Maracan\u00e3, quando o Tricolor enfrentar\u00e1 o Bragantino a partir das 16h (hor\u00e1rio de Bras\u00edlia). O t\u00e9cnico aproveitou a coletiva para convocar a torcida tricolor<\/p>\n\n\n\n<blockquote class=\"wp-block-quote is-layout-flow wp-block-quote-is-layout-flow\">\n<p>\u201cPe\u00e7o que o torcedor compare\u00e7a no maior n\u00famero, a torcida do Fluminense&nbsp;sempre compareceu e incentivou. Se tratando do Brasileiro, mais do que nunca \u00e9 necess\u00e1ria a presen\u00e7a para apoiar a equipe para que neste segundo jogo a gente possa conquistar os tr\u00eas pontos\u201d, concluiu.<\/p>\n<\/blockquote>\n\n\n\n<p>Ag\u00eancia Brasil<br>Foto: \u00a9 Reprodu\u00e7\u00e3o X \/ Fluminense F.C.<br><\/p>\n","protected":false},"excerpt":{"rendered":"<p>De volta ao comando do Fluminense ap\u00f3s hiato de 11 anos, o t\u00e9cnico Renato Ga\u00facho,<\/p>\n","protected":false},"author":2,"featured_media":101974,"comment_status":"open","ping_status":"open","sticky":false,"template":"","format":"standard","meta":{"footnotes":""},"categories":[17],"tags":[],"class_list":["post-101973","post","type-post","status-publish","format-standard","has-post-thumbnail","hentry","category-outras-noticias"],"_links":{"self":[{"href":"https:\/\/tvc16.com\/portal\/wp-json\/wp\/v2\/posts\/101973","targetHints":{"allow":["GET"]}}],"collection":[{"href":"https:\/\/tvc16.com\/portal\/wp-json\/wp\/v2\/posts"}],"about":[{"href":"https:\/\/tvc16.com\/portal\/wp-json\/wp\/v2\/types\/post"}],"author":[{"embeddable":true,"href":"https:\/\/tvc16.com\/portal\/wp-json\/wp\/v2\/users\/2"}],"replies":[{"embeddable":true,"href":"https:\/\/tvc16.com\/portal\/wp-json\/wp\/v2\/comments?post=101973"}],"version-history":[{"count":1,"href":"https:\/\/tvc16.com\/portal\/wp-json\/wp\/v2\/posts\/101973\/revisions"}],"predecessor-version":[{"id":101976,"href":"https:\/\/tvc16.com\/portal\/wp-json\/wp\/v2\/posts\/101973\/revisions\/101976"}],"wp:featuredmedia":[{"embeddable":true,"href":"https:\/\/tvc16.com\/portal\/wp-json\/wp\/v2\/media\/101974"}],"wp:attachment":[{"href":"https:\/\/tvc16.com\/portal\/wp-json\/wp\/v2\/media?parent=101973"}],"wp:term":[{"taxonomy":"category","embeddable":true,"href":"https:\/\/tvc16.com\/portal\/wp-json\/wp\/v2\/categories?post=101973"},{"taxonomy":"post_tag","embeddable":true,"href":"https:\/\/tvc16.com\/portal\/wp-json\/wp\/v2\/tags?post=101973"}],"curies":[{"name":"wp","href":"https:\/\/api.w.org\/{rel}","templated":true}]}}