{"id":101977,"date":"2025-04-05T05:00:00","date_gmt":"2025-04-05T08:00:00","guid":{"rendered":"https:\/\/tvc16.com\/portal\/?p=101977"},"modified":"2025-04-04T19:43:48","modified_gmt":"2025-04-04T22:43:48","slug":"movimento-feminista-protesta-contra-revogacao-da-pena-de-daniel-alves","status":"publish","type":"post","link":"https:\/\/tvc16.com\/portal\/2025\/04\/05\/movimento-feminista-protesta-contra-revogacao-da-pena-de-daniel-alves\/","title":{"rendered":"Movimento feminista protesta contra revoga\u00e7\u00e3o da pena de Daniel Alves"},"content":{"rendered":"\n<p><strong>Representantes de coletivos e movimentos feministas realizaram, nesta sexta-feira (4), um ato simb\u00f3lico em frente ao Consulado Geral da Espanha em S\u00e3o Paulo no in\u00edcio da manh\u00e3 desta sexta-feira (4) contra a decis\u00e3o do Tribunal Superior de Justi\u00e7a da Catalunha, que&nbsp;<a href=\"https:\/\/agenciabrasil.ebc.com.br\/esportes\/noticia\/2025-03\/tribunal-espanhol-anula-condenacao-de-daniel-alves-por-agressao-sexual\" target=\"_blank\" rel=\"noreferrer noopener\">revogou a condena\u00e7\u00e3o do jogador Daniel Alves por viol\u00eancia sexual<\/a>.&nbsp;<\/strong><img decoding=\"async\" src=\"https:\/\/agenciabrasil.ebc.com.br\/ebc.png?id=1637608&amp;o=node\"><img decoding=\"async\" src=\"https:\/\/agenciabrasil.ebc.com.br\/ebc.gif?id=1637608&amp;o=node\"><\/p>\n\n\n\n<p>O protesto teve como objetivo denunciar a impunidade em casos de viol\u00eancia contra as mulheres e exigir justi\u00e7a para a v\u00edtima.<\/p>\n\n\n\n<p>Segundo a organiza\u00e7\u00e3o, o ato foi pac\u00edfico e visou refor\u00e7ar a solidariedade internacional feminista e&nbsp;<strong>pressionar a Justi\u00e7a espanhola por uma revis\u00e3o da decis\u00e3o judicial, que \u00e9 vista como um retrocesso na luta contra a viol\u00eancia de g\u00eanero<\/strong>&nbsp;pelas entidades participantes.<br><br>Durante a manifesta\u00e7\u00e3o, foram exibidos cartazes contra a impunidade e houve uma simula\u00e7\u00e3o de sangue escorrendo pela cal\u00e7ada e dinheiro voando.<\/p>\n\n\n\n<blockquote class=\"wp-block-quote is-layout-flow wp-block-quote-is-layout-flow\">\n<p>\u201cOs movimentos feministas presentes consideram a absolvi\u00e7\u00e3o escandalosa e temem um retrocesso na aplicabilidade da lei \u201cn\u00e3o se cale&#8221; e da lei &#8220;n\u00e3o \u00e9 n\u00e3o\u201d, no Brasil e na Espanha, atrav\u00e9s do descr\u00e9dito da popula\u00e7\u00e3o, das v\u00edtimas e da pr\u00f3pria justi\u00e7a, bem como temem o aumento da subnotifica\u00e7\u00e3o desses tipos de crime. N\u00e3o toleraremos que a impunidade soe como portas abertas \u00e0 viol\u00eancia de g\u00eanero. Justi\u00e7a por todas as v\u00edtimas\u201d, dizem as entidades.<\/p>\n<\/blockquote>\n\n\n\n<h2 class=\"wp-block-heading\">Relembre o caso<\/h2>\n\n\n\n<p><strong>O epis\u00f3dio de abuso sexual do qual Daniel \u00e9 acusado aconteceu no banheiro de uma boate na cidade espanhola de Barcelona, em dezembro de 2022, contra uma mulher de 23 anos. O tribunal concluiu, na \u00e9poca, que n\u00e3o houve consentimento da jovem para o ato sexual e que existiam elementos de prova, al\u00e9m do testemunho da mulher, para dar materialidade \u00e0 viola\u00e7\u00e3o.<\/strong><\/p>\n\n\n\n<p>Em fevereiro do ano passado, o ex-jogador da sele\u00e7\u00e3o brasileira havia sido sentenciado a 4 anos e 6 meses de pris\u00e3o pelo Tribunal de Barcelona por &#8220;agress\u00e3o sexual&#8221;, um crime que na Espanha \u00e9 equivalente ao estupro no Brasil. Daniel Alves foi solto 1 ano e 4 meses, mediante o pagamento de fian\u00e7a de 1 milh\u00e3o de euros.<\/p>\n\n\n\n<p>Recentemente,&nbsp;<strong>a C\u00e2mara de Apela\u00e7\u00f5es do Tribunal de Justi\u00e7a da Catalunha absolveu o ex-jogador ao concluir que o depoimento da jovem foi insuficiente para contrariar a presun\u00e7\u00e3o de inoc\u00eancia. O veredito foi revertido diante da descri\u00e7\u00e3o inicial, j\u00e1 que mesmo as imagens das conversas entre os dois, flagradas pelas c\u00e2meras de seguran\u00e7a da boate, n\u00e3o foram suficientes para &#8220;destituir de credibilidade o relato de penetra\u00e7\u00e3o vaginal n\u00e3o consentida&#8221;.&nbsp;<\/strong><\/p>\n\n\n\n<p>O tribunal considerou, tamb\u00e9m, que a primeira parte do depoimento da v\u00edtima n\u00e3o correspondeu \u00e0s imagens das c\u00e2meras.<\/p>\n\n\n\n<p>Fl\u00e1via Albuquerque \u2013 Rep\u00f3rter da Ag\u00eancia Brasil<br>Foto: \u00a9 AMANDA PEROBELLI<br><\/p>\n","protected":false},"excerpt":{"rendered":"<p>Representantes de coletivos e movimentos feministas realizaram, nesta sexta-feira (4), um ato simb\u00f3lico em frente<\/p>\n","protected":false},"author":2,"featured_media":101978,"comment_status":"open","ping_status":"open","sticky":false,"template":"","format":"standard","meta":{"footnotes":""},"categories":[17],"tags":[],"class_list":["post-101977","post","type-post","status-publish","format-standard","has-post-thumbnail","hentry","category-outras-noticias"],"_links":{"self":[{"href":"https:\/\/tvc16.com\/portal\/wp-json\/wp\/v2\/posts\/101977","targetHints":{"allow":["GET"]}}],"collection":[{"href":"https:\/\/tvc16.com\/portal\/wp-json\/wp\/v2\/posts"}],"about":[{"href":"https:\/\/tvc16.com\/portal\/wp-json\/wp\/v2\/types\/post"}],"author":[{"embeddable":true,"href":"https:\/\/tvc16.com\/portal\/wp-json\/wp\/v2\/users\/2"}],"replies":[{"embeddable":true,"href":"https:\/\/tvc16.com\/portal\/wp-json\/wp\/v2\/comments?post=101977"}],"version-history":[{"count":1,"href":"https:\/\/tvc16.com\/portal\/wp-json\/wp\/v2\/posts\/101977\/revisions"}],"predecessor-version":[{"id":101979,"href":"https:\/\/tvc16.com\/portal\/wp-json\/wp\/v2\/posts\/101977\/revisions\/101979"}],"wp:featuredmedia":[{"embeddable":true,"href":"https:\/\/tvc16.com\/portal\/wp-json\/wp\/v2\/media\/101978"}],"wp:attachment":[{"href":"https:\/\/tvc16.com\/portal\/wp-json\/wp\/v2\/media?parent=101977"}],"wp:term":[{"taxonomy":"category","embeddable":true,"href":"https:\/\/tvc16.com\/portal\/wp-json\/wp\/v2\/categories?post=101977"},{"taxonomy":"post_tag","embeddable":true,"href":"https:\/\/tvc16.com\/portal\/wp-json\/wp\/v2\/tags?post=101977"}],"curies":[{"name":"wp","href":"https:\/\/api.w.org\/{rel}","templated":true}]}}