{"id":101980,"date":"2025-04-07T05:00:00","date_gmt":"2025-04-07T08:00:00","guid":{"rendered":"https:\/\/tvc16.com\/portal\/?p=101980"},"modified":"2025-04-04T19:45:59","modified_gmt":"2025-04-04T22:45:59","slug":"bolsa-familia-cras-meudon-realiza-dia-d-da-pesagem-de-pesagem-para-beneficiarios","status":"publish","type":"post","link":"https:\/\/tvc16.com\/portal\/2025\/04\/07\/bolsa-familia-cras-meudon-realiza-dia-d-da-pesagem-de-pesagem-para-beneficiarios\/","title":{"rendered":"Bolsa Fam\u00edlia: Cras Meudon realiza Dia D da pesagem de pesagem para benefici\u00e1rios\u00a0"},"content":{"rendered":"\n<p>A Secretaria de Assist\u00eancia Social e Direitos Humanos, atrav\u00e9s do Centro de refer\u00eancia da Assist\u00eancia Social (CRAS) Meudon, em parceria com a Unidade de Estrat\u00e9gia Sa\u00fade da Familia (ESF) Meudon, promover\u00e1 no dia 08 de abril, ter\u00e7a-feira, o dia D de pesagem dos benefici\u00e1rios do programa Bolsa Fam\u00edlia. O evento acontecer\u00e1 no ESF Meudon, de 9h \u00e0s 16h. A pesagem semestral de mulheres e crian\u00e7as \u00e9 obrigat\u00f3ria para a perman\u00eancia no programa.<\/p>\n\n\n\n<p>Al\u00e9m da pesagem, a equipe do ESF estar\u00e1 realizando atualiza\u00e7\u00e3o da carteira de vacina\u00e7\u00e3o de crian\u00e7as e adultos. No momento da atualiza\u00e7\u00e3o \u00e9 necess\u00e1rio que os benefici\u00e1rios estejam com o N\u00famero de Identifica\u00e7\u00e3o Social (NIS), Carteira de Identidade e Carteira de Vacina\u00e7\u00e3o de todos os membros da fam\u00edlia a serem pesados em m\u00e3os. A pesagem \u00e9 obrigat\u00f3ria para meninas e mulheres de todas as idades, meninos at\u00e9 07 anos e gestantes.<\/p>\n\n\n\n<p>A Unidade de Estrat\u00e9gia Sa\u00fade da Fam\u00edlia do Meudon fica na rua Caramuru, n\u00ba120 \u2013 Meudon.<\/p>\n\n\n\n<p>Foto: PMT<\/p>\n","protected":false},"excerpt":{"rendered":"<p>A Secretaria de Assist\u00eancia Social e Direitos Humanos, atrav\u00e9s do Centro de refer\u00eancia da Assist\u00eancia<\/p>\n","protected":false},"author":2,"featured_media":101981,"comment_status":"open","ping_status":"open","sticky":false,"template":"","format":"standard","meta":{"footnotes":""},"categories":[17],"tags":[],"class_list":["post-101980","post","type-post","status-publish","format-standard","has-post-thumbnail","hentry","category-outras-noticias"],"_links":{"self":[{"href":"https:\/\/tvc16.com\/portal\/wp-json\/wp\/v2\/posts\/101980","targetHints":{"allow":["GET"]}}],"collection":[{"href":"https:\/\/tvc16.com\/portal\/wp-json\/wp\/v2\/posts"}],"about":[{"href":"https:\/\/tvc16.com\/portal\/wp-json\/wp\/v2\/types\/post"}],"author":[{"embeddable":true,"href":"https:\/\/tvc16.com\/portal\/wp-json\/wp\/v2\/users\/2"}],"replies":[{"embeddable":true,"href":"https:\/\/tvc16.com\/portal\/wp-json\/wp\/v2\/comments?post=101980"}],"version-history":[{"count":1,"href":"https:\/\/tvc16.com\/portal\/wp-json\/wp\/v2\/posts\/101980\/revisions"}],"predecessor-version":[{"id":101982,"href":"https:\/\/tvc16.com\/portal\/wp-json\/wp\/v2\/posts\/101980\/revisions\/101982"}],"wp:featuredmedia":[{"embeddable":true,"href":"https:\/\/tvc16.com\/portal\/wp-json\/wp\/v2\/media\/101981"}],"wp:attachment":[{"href":"https:\/\/tvc16.com\/portal\/wp-json\/wp\/v2\/media?parent=101980"}],"wp:term":[{"taxonomy":"category","embeddable":true,"href":"https:\/\/tvc16.com\/portal\/wp-json\/wp\/v2\/categories?post=101980"},{"taxonomy":"post_tag","embeddable":true,"href":"https:\/\/tvc16.com\/portal\/wp-json\/wp\/v2\/tags?post=101980"}],"curies":[{"name":"wp","href":"https:\/\/api.w.org\/{rel}","templated":true}]}}