{"id":101983,"date":"2025-04-05T05:00:00","date_gmt":"2025-04-05T08:00:00","guid":{"rendered":"https:\/\/tvc16.com\/portal\/?p=101983"},"modified":"2025-04-04T19:49:08","modified_gmt":"2025-04-04T22:49:08","slug":"governador-claudio-castro-anuncia-investimentos-de-r-116-milhoes-em-seguranca-hidrica-e-melhorias-ambientais","status":"publish","type":"post","link":"https:\/\/tvc16.com\/portal\/2025\/04\/05\/governador-claudio-castro-anuncia-investimentos-de-r-116-milhoes-em-seguranca-hidrica-e-melhorias-ambientais\/","title":{"rendered":"Governador Cl\u00e1udio Castro anuncia investimentos de R$ 116 milh\u00f5es em seguran\u00e7a h\u00eddrica e melhorias ambientais"},"content":{"rendered":"\n<p>O Governo do Rio anunciou, nesta sexta-feira (4\/4), o investimento de R$ 116 milh\u00f5es na seguran\u00e7a h\u00eddrica do sistema do Guandu, que \u00e9 respons\u00e1vel pelo abastecimento de mais de 9 milh\u00f5es de pessoas. As a\u00e7\u00f5es previstas visam dobrar o saneamento rural em oito munic\u00edpios, por meio da segunda fase do programa Sanear Guandu, e ampliar de 34 para 117 os pontos de an\u00e1lise da qualidade e da quantidade de \u00e1gua nos mananciais do Guandu. Al\u00e9m disso, mais R$ 16 milh\u00f5es ser\u00e3o destinados \u00e0 expans\u00e3o de monitoramento h\u00eddrico que impactar\u00e1 a qualidade e seguran\u00e7a dos mananciais do sistema.<\/p>\n\n\n\n<p>Dentre as interven\u00e7\u00f5es em parceria com o Comit\u00ea Guandu-RJ na nova etapa, est\u00e3o tamb\u00e9m a continuidade ao processo de finaliza\u00e7\u00e3o dos vazadouros de res\u00edduos na regi\u00e3o e a concretiza\u00e7\u00e3o do Rio de Janeiro como estado com o maior monitoramento h\u00eddrico do Brasil, um marco hist\u00f3rico.<\/p>\n\n\n\n<p>&#8211; \u00a0Esta \u00e9 uma agenda que tem permeado todas as nossas cidades. Temos obras de infraestrutura nos 92 munic\u00edpios, maquin\u00e1rio do Limpa Rio rodando o estado inteiro. Isso demonstra o nosso respeito, e que a iniciativa vai al\u00e9m de uma pauta, \u00e9 uma agenda que est\u00e1 dando resultado. Esse marco e os novos investimentos s\u00e3o resultados diretos dos esfor\u00e7os do Governo do Estado em universalizar o acesso ao saneamento b\u00e1sico em todo o Rio de Janeiro \u2013 afirmou o governador Cl\u00e1udio Castro.<\/p>\n\n\n\n<p>Todos os recursos a serem aplicados t\u00eam origem no Fundo Estadual de Recursos H\u00eddricos e foram disponibilizados pelo Instituto Estadual do Ambiente para o Comit\u00ea Guandu-RJ, que repassar\u00e1 o valor aos executores do projeto, a Associa\u00e7\u00e3o Pr\u00f3-Gest\u00e3o das \u00c1guas da Bacia Hidrogr\u00e1fica do Rio Para\u00edba do Sul e o Inea.<\/p>\n\n\n\n<p>Em cerim\u00f4nia no Pal\u00e1cio Guanabara, o Governo do Estado lan\u00e7ou tamb\u00e9m o Observat\u00f3rio da Bacia do Guandu, iniciativa que ir\u00e1 implementar a mais completa e eficaz rede de monitoramento h\u00eddrico do pa\u00eds com 83 novas esta\u00e7\u00f5es e sensores. A expans\u00e3o ir\u00e1 otimizar a garantia de qualidade e quantidade de \u00e1gua nos mananciais do sistema respons\u00e1vel por abastecer mais de 9 milh\u00f5es de pessoas no estado do Rio de Janeiro.<br>Com os novos equipamentos, ser\u00e3o 117 pontos de monitoramento na bacia. A expectativa \u00e9 que, a partir das instala\u00e7\u00f5es, sejam gerados novos dados sistem\u00e1ticos para auxiliar os atores e entes que t\u00eam responsabilidade ou a\u00e7\u00e3o sob a gest\u00e3o de recursos h\u00eddricos.\u00a0\u00a0<\/p>\n\n\n\n<p>Ap\u00f3s a atualiza\u00e7\u00e3o, o Estado do Rio de Janeiro ir\u00e1 dobrar a indica\u00e7\u00e3o m\u00ednima da Organiza\u00e7\u00e3o Meteorol\u00f3gica Mundial de pontos por \u00e1rea e ser\u00e1 o estado com o maior e mais denso monitoramento h\u00eddrico do Brasil. O projeto ser\u00e1 executado pelo Instituto Estadual do Ambiente (Inea).<\/p>\n\n\n\n<p><strong>Saneamento rural e gest\u00e3o de res\u00edduos<\/strong><\/p>\n\n\n\n<p>Dos investimentos previstos, R$ 60 milh\u00f5es ser\u00e3o destinados a obras para levar coleta e tratamento adequado de esgoto a 6 mil fam\u00edlias em \u00e1reas rurais de Nova Igua\u00e7u, Queimados, Japeri, Serop\u00e9dica, Rio Claro, Engenheiro Paulo de Frontin, Miguel Pereira e Vassouras. As resid\u00eancias receber\u00e3o unidades de tratamento individuais, como fossas biodigestoras. Todo o projeto, que abranger\u00e1 72 \u00e1reas da Bacia Hidrogr\u00e1fica do Guandu, visa melhorar a qualidade e a disponibilidade h\u00eddrica da popula\u00e7\u00e3o abastecida na regi\u00e3o.<\/p>\n\n\n\n<p>O Sanear Guandu \u00e9 um programa voltado para as regi\u00f5es periurbanas dos munic\u00edpios, e foi idealizado por meio de um diagn\u00f3stico das necessidades de esgotamento sanit\u00e1rio dessas \u00e1reas dos 15 munic\u00edpios da regi\u00e3o. Trata-se da maior iniciativa de esgotamento sanit\u00e1rio em \u00e1reas n\u00e3o urbanas do pa\u00eds, beneficiando mananciais que abastecem cerca de 10 milh\u00f5es de pessoas. Os lan\u00e7amentos aconteceram durante as comemora\u00e7\u00f5es dos 23 anos do Comit\u00ea do Guandu no Pal\u00e1cio Guanabara.<\/p>\n\n\n\n<p>Com o objetivo de dar continuidade ao fim dos vazadouros de res\u00edduos no estado, o Governo do Estado investir\u00e1 R$ 40 milh\u00f5es em planos e obras para o encerramento e monitoramento de \u00e1reas em processo de desativa\u00e7\u00e3o em Japeri, Mendes, Eng. Paulo de Frontin, Paracambi, Mangaratiba e Miguel Pereira. A Secretaria de Estado do Ambiente e Sustentabilidade continua empreendendo esfor\u00e7os para a destina\u00e7\u00e3o adequada dos rejeitos em todo o Rio de Janeiro.<\/p>\n\n\n\n<p>\u2013 A parceria do Governo do Estado com os munic\u00edpios tem sido essencial para executarmos, de forma simult\u00e2nea, todas essas interven\u00e7\u00f5es que j\u00e1 trazem resultados muito positivos para a popula\u00e7\u00e3o fluminense. O saneamento b\u00e1sico e a qualidade ambiental s\u00e3o direitos fundamentais a todos os seres humanos \u2013 afirmou o Secret\u00e1rio de Estado do Ambiente e Sustentabilidade, Bernardo Rossi.<\/p>\n\n\n\n<p><strong>Entrega do Plano Diretor Florestal da Regi\u00e3o Hidrogr\u00e1fica II<\/strong><\/p>\n\n\n\n<p>O Governo do Estado entregou, ainda, o Plano Diretor Florestal da Regi\u00e3o Hidrogr\u00e1fica II. O documento estabelece o planejamento de uma s\u00e9rie de a\u00e7\u00f5es de preserva\u00e7\u00e3o e recupera\u00e7\u00e3o ambiental, aliada ao desenvolvimento econ\u00f4mico, al\u00e9m de nortear a aplica\u00e7\u00e3o de recursos do Fundo Estadual de Recursos H\u00eddricos. O estudo, que contou com investimento de R$ 2 milh\u00f5es, foi elaborado a partir de informa\u00e7\u00f5es dos Planos Municipais de Conserva\u00e7\u00e3o e Restaura\u00e7\u00e3o da Mata Atl\u00e2ntica.<\/p>\n\n\n\n<p>Foto: Estado RJ<\/p>\n","protected":false},"excerpt":{"rendered":"<p>O Governo do Rio anunciou, nesta sexta-feira (4\/4), o investimento de R$ 116 milh\u00f5es na<\/p>\n","protected":false},"author":2,"featured_media":101984,"comment_status":"open","ping_status":"open","sticky":false,"template":"","format":"standard","meta":{"footnotes":""},"categories":[17],"tags":[],"class_list":["post-101983","post","type-post","status-publish","format-standard","has-post-thumbnail","hentry","category-outras-noticias"],"_links":{"self":[{"href":"https:\/\/tvc16.com\/portal\/wp-json\/wp\/v2\/posts\/101983","targetHints":{"allow":["GET"]}}],"collection":[{"href":"https:\/\/tvc16.com\/portal\/wp-json\/wp\/v2\/posts"}],"about":[{"href":"https:\/\/tvc16.com\/portal\/wp-json\/wp\/v2\/types\/post"}],"author":[{"embeddable":true,"href":"https:\/\/tvc16.com\/portal\/wp-json\/wp\/v2\/users\/2"}],"replies":[{"embeddable":true,"href":"https:\/\/tvc16.com\/portal\/wp-json\/wp\/v2\/comments?post=101983"}],"version-history":[{"count":1,"href":"https:\/\/tvc16.com\/portal\/wp-json\/wp\/v2\/posts\/101983\/revisions"}],"predecessor-version":[{"id":101985,"href":"https:\/\/tvc16.com\/portal\/wp-json\/wp\/v2\/posts\/101983\/revisions\/101985"}],"wp:featuredmedia":[{"embeddable":true,"href":"https:\/\/tvc16.com\/portal\/wp-json\/wp\/v2\/media\/101984"}],"wp:attachment":[{"href":"https:\/\/tvc16.com\/portal\/wp-json\/wp\/v2\/media?parent=101983"}],"wp:term":[{"taxonomy":"category","embeddable":true,"href":"https:\/\/tvc16.com\/portal\/wp-json\/wp\/v2\/categories?post=101983"},{"taxonomy":"post_tag","embeddable":true,"href":"https:\/\/tvc16.com\/portal\/wp-json\/wp\/v2\/tags?post=101983"}],"curies":[{"name":"wp","href":"https:\/\/api.w.org\/{rel}","templated":true}]}}