{"id":101986,"date":"2025-04-06T05:00:00","date_gmt":"2025-04-06T08:00:00","guid":{"rendered":"https:\/\/tvc16.com\/portal\/?p=101986"},"modified":"2025-04-04T19:54:23","modified_gmt":"2025-04-04T22:54:23","slug":"brasil-firma-meta-de-acoes-globais-para-pessoas-com-deficiencia","status":"publish","type":"post","link":"https:\/\/tvc16.com\/portal\/2025\/04\/06\/brasil-firma-meta-de-acoes-globais-para-pessoas-com-deficiencia\/","title":{"rendered":"Brasil firma meta de a\u00e7\u00f5es globais para pessoas com defici\u00eancia"},"content":{"rendered":"\n<p>O&nbsp;<strong>Brasil firmou o compromisso de destinar 15% dos or\u00e7amentos dos programas de desenvolvimento internacional para a\u00e7\u00f5es com foco nas pessoas com defici\u00eancia, at\u00e9 2028<\/strong>. A&nbsp;<strong>Declara\u00e7\u00e3o de Berlim foi assinada<\/strong>&nbsp;durante a terceira edi\u00e7\u00e3o da&nbsp;<strong>C\u00fapula Global sobre Defici\u00eancia, encerrada nessa quinta-feira (3), em Berlim, na Alemanha<\/strong>.<img decoding=\"async\" src=\"https:\/\/agenciabrasil.ebc.com.br\/ebc.png?id=1637603&amp;o=node\"><img decoding=\"async\" src=\"https:\/\/agenciabrasil.ebc.com.br\/ebc.gif?id=1637603&amp;o=node\"><\/p>\n\n\n\n<p>A delega\u00e7\u00e3o brasileira foi liderada pela secret\u00e1ria Nacional dos Direitos das Pessoas com Defici\u00eancia do Minist\u00e9rio dos Direitos Humanos e da Cidadania, Anna Paula Feminella.<\/p>\n\n\n\n<p>A&nbsp;<strong>Declara\u00e7\u00e3o de Berlim \u00e9 o compromisso internacional que destaca a necessidade de fortalecer a coopera\u00e7\u00e3o internacional e garantir que pol\u00edticas de desenvolvimento e ajuda humanit\u00e1ria sejam acess\u00edveis e inclusiva<\/strong>s.<\/p>\n\n\n\n<p>O&nbsp;<strong>documento foi assinado por cerca de 90 pa\u00edses<\/strong>&nbsp;e tamb\u00e9m enfatiza a import\u00e2ncia da participa\u00e7\u00e3o ativa das organiza\u00e7\u00f5es de pessoas com defici\u00eancia na formula\u00e7\u00e3o e implementa\u00e7\u00e3o de pol\u00edticas, al\u00e9m da necessidade de combater m\u00faltiplas formas de discrimina\u00e7\u00e3o, especialmente contra mulheres e crian\u00e7as.<\/p>\n\n\n\n<p>O material ainda destaca a import\u00e2ncia de melhorar a coleta e an\u00e1lise de dados sobre a inclus\u00e3o da defici\u00eancia para subsidiar a constru\u00e7\u00e3o de pol\u00edticas p\u00fablicas.<\/p>\n\n\n\n<p>Os<strong>&nbsp;pa\u00edses signat\u00e1rios se comprometeram com a implementa\u00e7\u00e3o cont\u00ednua dos direitos das pessoas com defici\u00eancia no cen\u00e1rio global<\/strong>, garantindo que a inclus\u00e3o seja uma realidade para al\u00e9m da Agenda 2030, que estabelece os Objetivos de Desenvolvimento Sustent\u00e1vel.<\/p>\n\n\n\n<h2 class=\"wp-block-heading\">Viver sem Limite<\/h2>\n\n\n\n<p>Durante o evento, a&nbsp;<strong>delega\u00e7\u00e3o brasileira apresentou o Plano Nacional dos Direitos da Pessoa com Defici\u00eancia \u2013 Novo Viver sem Limite<\/strong>. O<strong>&nbsp;plano re\u00fane uma s\u00e9rie de iniciativas voltadas para promo\u00e7\u00e3o dos direitos econ\u00f4micos, sociais, culturais e ambientais das pessoas com defici\u00eancia, participa\u00e7\u00e3o social, tecnologia assistiva e enfrentamento ao capacitism<\/strong>o.<\/p>\n\n\n\n<p>Os representantes do&nbsp;<strong>Brasil compartilharam a campanha de combate ao capacitismo desenvolvida pela Funda\u00e7\u00e3o Oswaldo Cruz (Fiocruz) e o projeto Eu Me Protejo<\/strong>, voltado para a educa\u00e7\u00e3o inclusiva e a preven\u00e7\u00e3o da viol\u00eancia. Tamb\u00e9m foi apresentado o projeto do Centro de Refer\u00eancia SESC-SENAC de atendimento especializado e capacita\u00e7\u00e3o de professores com o objetivo de fortalecer a inclus\u00e3o educacional e social.<\/p>\n\n\n\n<p>Outras reuni\u00f5es estrat\u00e9gicas fizeram parte da agenda.<\/p>\n\n\n\n<p>&#8220;Nas reuni\u00f5es, o Brasil compartilhou diversas experi\u00eancias bem-sucedidas em educa\u00e7\u00e3o inclusiva e destacou iniciativas voltadas para a ado\u00e7\u00e3o da Linguagem Simples como um recurso importante de acessibilidade\u201d, disse Anna Paula Feminella, em comunicado divulgado pelo minist\u00e9rio.<\/p>\n\n\n\n<blockquote class=\"wp-block-quote is-layout-flow wp-block-quote-is-layout-flow\">\n<p>\u201cAo longo do evento, tamb\u00e9m abordamos os impactos dos desastres clim\u00e1ticos. Dados apresentados no evento refor\u00e7am a urg\u00eancia dessas quest\u00f5es, revelando que 50% da popula\u00e7\u00e3o global de pessoas com defici\u00eancia vivem em \u00e1reas urbanas, a maioria das quais ainda n\u00e3o est\u00e1 preparada para oferecer uma resposta inclusiva a situa\u00e7\u00f5es de emerg\u00eancia&#8221;, afirmou a secret\u00e1ria.<\/p>\n<\/blockquote>\n\n\n\n<p>A&nbsp;<strong>C\u00fapula Global sobre Defici\u00eancia foi criada em 2017 para se tornar uma plataforma para impulsionar o desenvolvimento inclusivo e a\u00e7\u00f5es humanit\u00e1rias para pessoas com defici\u00eancia<\/strong>, especialmente em pa\u00edses em desenvolvimento.<\/p>\n\n\n\n<p>Durante os dois dias de evento, os governos e organiza\u00e7\u00f5es participantes foram chamados a assumir compromissos concretos, desde pequenas iniciativas at\u00e9 mudan\u00e7as sist\u00eamicas para fortalecer a inclus\u00e3o em n\u00edvel global.<\/p>\n\n\n\n<p>Ag\u00eancia Brasil<br>Foto: \u00a9 Paulo Pinto\/Ag\u00eancia Brasil<br><\/p>\n","protected":false},"excerpt":{"rendered":"<p>O&nbsp;Brasil firmou o compromisso de destinar 15% dos or\u00e7amentos dos programas de desenvolvimento internacional para<\/p>\n","protected":false},"author":2,"featured_media":101987,"comment_status":"open","ping_status":"open","sticky":false,"template":"","format":"standard","meta":{"footnotes":""},"categories":[17],"tags":[],"class_list":["post-101986","post","type-post","status-publish","format-standard","has-post-thumbnail","hentry","category-outras-noticias"],"_links":{"self":[{"href":"https:\/\/tvc16.com\/portal\/wp-json\/wp\/v2\/posts\/101986","targetHints":{"allow":["GET"]}}],"collection":[{"href":"https:\/\/tvc16.com\/portal\/wp-json\/wp\/v2\/posts"}],"about":[{"href":"https:\/\/tvc16.com\/portal\/wp-json\/wp\/v2\/types\/post"}],"author":[{"embeddable":true,"href":"https:\/\/tvc16.com\/portal\/wp-json\/wp\/v2\/users\/2"}],"replies":[{"embeddable":true,"href":"https:\/\/tvc16.com\/portal\/wp-json\/wp\/v2\/comments?post=101986"}],"version-history":[{"count":1,"href":"https:\/\/tvc16.com\/portal\/wp-json\/wp\/v2\/posts\/101986\/revisions"}],"predecessor-version":[{"id":101988,"href":"https:\/\/tvc16.com\/portal\/wp-json\/wp\/v2\/posts\/101986\/revisions\/101988"}],"wp:featuredmedia":[{"embeddable":true,"href":"https:\/\/tvc16.com\/portal\/wp-json\/wp\/v2\/media\/101987"}],"wp:attachment":[{"href":"https:\/\/tvc16.com\/portal\/wp-json\/wp\/v2\/media?parent=101986"}],"wp:term":[{"taxonomy":"category","embeddable":true,"href":"https:\/\/tvc16.com\/portal\/wp-json\/wp\/v2\/categories?post=101986"},{"taxonomy":"post_tag","embeddable":true,"href":"https:\/\/tvc16.com\/portal\/wp-json\/wp\/v2\/tags?post=101986"}],"curies":[{"name":"wp","href":"https:\/\/api.w.org\/{rel}","templated":true}]}}