{"id":101989,"date":"2025-04-06T05:00:00","date_gmt":"2025-04-06T08:00:00","guid":{"rendered":"https:\/\/tvc16.com\/portal\/?p=101989"},"modified":"2025-04-04T19:56:13","modified_gmt":"2025-04-04T22:56:13","slug":"anvisa-proibe-suplementos-alimentares-com-ora-pro-nobis","status":"publish","type":"post","link":"https:\/\/tvc16.com\/portal\/2025\/04\/06\/anvisa-proibe-suplementos-alimentares-com-ora-pro-nobis\/","title":{"rendered":"Anvisa pro\u00edbe suplementos alimentares com ora-pro-n\u00f3bis"},"content":{"rendered":"\n<p><strong>A Ag\u00eancia Nacional de Vigil\u00e2ncia Sanit\u00e1ria (Anvisa) proibiu a comercializa\u00e7\u00e3o, a distribui\u00e7\u00e3o, a fabrica\u00e7\u00e3o, a propaganda e o uso de suplementos alimentares contendo ora-pro-n\u00f3bis<\/strong>. A resolu\u00e7\u00e3o, publicada no&nbsp;<a href=\"https:\/\/www.in.gov.br\/web\/dou\/-\/resolucao-re-n-1.282-de-2-de-abril-de-2025-621892300\" target=\"_blank\" rel=\"noreferrer noopener\"><em>Di\u00e1rio Oficial da Uni\u00e3o<\/em><\/a>, determina ainda o recolhimento dos produtos.<img decoding=\"async\" src=\"https:\/\/agenciabrasil.ebc.com.br\/ebc.png?id=1637580&amp;o=node\"><img decoding=\"async\" src=\"https:\/\/agenciabrasil.ebc.com.br\/ebc.gif?id=1637580&amp;o=node\"><\/p>\n\n\n\n<p>Em nota, a Anvisa informou que a decis\u00e3o foi adotada porque a planta, de nome cient\u00edfico&nbsp;<em>Pereskia aculeata<\/em>, n\u00e3o \u00e9 autorizada como constituinte para suplementos alimentares.<\/p>\n\n\n\n<blockquote class=\"wp-block-quote is-layout-flow wp-block-quote-is-layout-flow\">\n<p>\u201cPara um ingrediente espec\u00edfico ser autorizado como suplemento alimentar, \u00e9 necess\u00e1rio que ele passe por uma avalia\u00e7\u00e3o de seguran\u00e7a e efic\u00e1cia\u201d, destacou a ag\u00eancia no comunicado.<\/p>\n<\/blockquote>\n\n\n\n<p>Isso significa que empresas interessadas em comercializar o produto devem comprovar, de forma cient\u00edfica, que ele \u00e9 fonte de algum nutriente ou subst\u00e2ncia de relev\u00e2ncia para o corpo humano.<\/p>\n\n\n\n<blockquote class=\"wp-block-quote is-layout-flow wp-block-quote-is-layout-flow\">\n<p>\u201cSuplementos alimentares n\u00e3o s\u00e3o medicamentos e, por isso, n\u00e3o podem alegar efeitos terap\u00eauticos como tratamento, preven\u00e7\u00e3o ou cura de doen\u00e7as. Os suplementos s\u00e3o destinados a pessoas saud\u00e1veis. Sua finalidade \u00e9 fornecer nutrientes, subst\u00e2ncias bioativas, enzimas ou probi\u00f3ticos em complemento \u00e0 alimenta\u00e7\u00e3o.\u201d<\/p>\n<\/blockquote>\n\n\n\n<p>A medida, segundo a Anvisa, n\u00e3o afeta o consumo ou a comercializa\u00e7\u00e3o da planta fresca, que tem tradi\u00e7\u00e3o de uso na alimenta\u00e7\u00e3o, sobretudo nos estados de Goi\u00e1s e Minas Gerais.<\/p>\n\n\n\n<p>Paula Laboissi\u00e8re \u2013 Rep\u00f3rter da Ag\u00eancia Brasil<br>Foto: \u00a9 Marcelo Camargo\/Ag\u00eancia Brasil<br><\/p>\n","protected":false},"excerpt":{"rendered":"<p>A Ag\u00eancia Nacional de Vigil\u00e2ncia Sanit\u00e1ria (Anvisa) proibiu a comercializa\u00e7\u00e3o, a distribui\u00e7\u00e3o, a fabrica\u00e7\u00e3o, a<\/p>\n","protected":false},"author":2,"featured_media":101990,"comment_status":"open","ping_status":"open","sticky":false,"template":"","format":"standard","meta":{"footnotes":""},"categories":[17],"tags":[],"class_list":["post-101989","post","type-post","status-publish","format-standard","has-post-thumbnail","hentry","category-outras-noticias"],"_links":{"self":[{"href":"https:\/\/tvc16.com\/portal\/wp-json\/wp\/v2\/posts\/101989","targetHints":{"allow":["GET"]}}],"collection":[{"href":"https:\/\/tvc16.com\/portal\/wp-json\/wp\/v2\/posts"}],"about":[{"href":"https:\/\/tvc16.com\/portal\/wp-json\/wp\/v2\/types\/post"}],"author":[{"embeddable":true,"href":"https:\/\/tvc16.com\/portal\/wp-json\/wp\/v2\/users\/2"}],"replies":[{"embeddable":true,"href":"https:\/\/tvc16.com\/portal\/wp-json\/wp\/v2\/comments?post=101989"}],"version-history":[{"count":1,"href":"https:\/\/tvc16.com\/portal\/wp-json\/wp\/v2\/posts\/101989\/revisions"}],"predecessor-version":[{"id":101991,"href":"https:\/\/tvc16.com\/portal\/wp-json\/wp\/v2\/posts\/101989\/revisions\/101991"}],"wp:featuredmedia":[{"embeddable":true,"href":"https:\/\/tvc16.com\/portal\/wp-json\/wp\/v2\/media\/101990"}],"wp:attachment":[{"href":"https:\/\/tvc16.com\/portal\/wp-json\/wp\/v2\/media?parent=101989"}],"wp:term":[{"taxonomy":"category","embeddable":true,"href":"https:\/\/tvc16.com\/portal\/wp-json\/wp\/v2\/categories?post=101989"},{"taxonomy":"post_tag","embeddable":true,"href":"https:\/\/tvc16.com\/portal\/wp-json\/wp\/v2\/tags?post=101989"}],"curies":[{"name":"wp","href":"https:\/\/api.w.org\/{rel}","templated":true}]}}