{"id":101996,"date":"2025-04-05T05:00:00","date_gmt":"2025-04-05T08:00:00","guid":{"rendered":"https:\/\/tvc16.com\/portal\/?p=101996"},"modified":"2025-04-04T20:04:23","modified_gmt":"2025-04-04T23:04:23","slug":"selo-parceiro-do-autista-e-aprovado-em-petropolis","status":"publish","type":"post","link":"https:\/\/tvc16.com\/portal\/2025\/04\/05\/selo-parceiro-do-autista-e-aprovado-em-petropolis\/","title":{"rendered":"Selo &#8220;Parceiro do Autista&#8221; \u00e9 aprovado em Petr\u00f3polis"},"content":{"rendered":"\n<p>A C\u00e2mara Municipal de Petr\u00f3polis aprovou na \u00faltima quarta-feira (02), um projeto de lei que institui o selo &#8220;Parceiro do Autista&#8221;. A medida visa reconhecer e incentivar estabelecimentos comerciais que ofere\u00e7am, no m\u00ednimo, 10% de desconto em produtos e servi\u00e7os para fam\u00edlias de pessoas com Transtorno do Espectro Autista (TEA).<\/p>\n\n\n\n<p>O projeto estabelece que o selo ser\u00e1 concedido pela Prefeitura Municipal, representado por um quadro identificador que dever\u00e1 ser afixado em local vis\u00edvel nos estabelecimentos aderentes. Para obter o selo, os comerciantes precisar\u00e3o firmar um termo de compromisso, apresentar documenta\u00e7\u00e3o comprobat\u00f3ria e ter meios de identifica\u00e7\u00e3o dos benefici\u00e1rios, como laudo m\u00e9dico ou a Carteira de Identifica\u00e7\u00e3o da Pessoa com Transtorno do Espectro Autista (CIPTEA).<\/p>\n\n\n\n<p>&#8220;Este projeto \u00e9 uma importante iniciativa para promover a inclus\u00e3o social e econ\u00f4mica das fam\u00edlias de pessoas com TEA. Ao oferecer descontos, estaremos reconhecendo o esfor\u00e7o das empresas que se comprometem com a acessibilidade e o respeito \u00e0s necessidades desse grupo&#8221;, destacou o autor do projeto, vereador Wesley Barreto, Wesley Barreto durante a vota\u00e7\u00e3o.<\/p>\n\n\n\n<p>O selo &#8220;Parceiro do Autista&#8221; ter\u00e1 validade de um ano, podendo ser renovado mediante a continuidade da pr\u00e1tica de concess\u00e3o de descontos. O projeto tamb\u00e9m prev\u00ea que a Prefeitura possa promover campanhas de conscientiza\u00e7\u00e3o para incentivar mais estabelecimentos a aderirem \u00e0 iniciativa.<\/p>\n","protected":false},"excerpt":{"rendered":"<p>A C\u00e2mara Municipal de Petr\u00f3polis aprovou na \u00faltima quarta-feira (02), um projeto de lei que<\/p>\n","protected":false},"author":2,"featured_media":92939,"comment_status":"open","ping_status":"open","sticky":false,"template":"","format":"standard","meta":{"footnotes":""},"categories":[12],"tags":[],"class_list":["post-101996","post","type-post","status-publish","format-standard","has-post-thumbnail","hentry","category-cidade"],"_links":{"self":[{"href":"https:\/\/tvc16.com\/portal\/wp-json\/wp\/v2\/posts\/101996","targetHints":{"allow":["GET"]}}],"collection":[{"href":"https:\/\/tvc16.com\/portal\/wp-json\/wp\/v2\/posts"}],"about":[{"href":"https:\/\/tvc16.com\/portal\/wp-json\/wp\/v2\/types\/post"}],"author":[{"embeddable":true,"href":"https:\/\/tvc16.com\/portal\/wp-json\/wp\/v2\/users\/2"}],"replies":[{"embeddable":true,"href":"https:\/\/tvc16.com\/portal\/wp-json\/wp\/v2\/comments?post=101996"}],"version-history":[{"count":1,"href":"https:\/\/tvc16.com\/portal\/wp-json\/wp\/v2\/posts\/101996\/revisions"}],"predecessor-version":[{"id":101997,"href":"https:\/\/tvc16.com\/portal\/wp-json\/wp\/v2\/posts\/101996\/revisions\/101997"}],"wp:featuredmedia":[{"embeddable":true,"href":"https:\/\/tvc16.com\/portal\/wp-json\/wp\/v2\/media\/92939"}],"wp:attachment":[{"href":"https:\/\/tvc16.com\/portal\/wp-json\/wp\/v2\/media?parent=101996"}],"wp:term":[{"taxonomy":"category","embeddable":true,"href":"https:\/\/tvc16.com\/portal\/wp-json\/wp\/v2\/categories?post=101996"},{"taxonomy":"post_tag","embeddable":true,"href":"https:\/\/tvc16.com\/portal\/wp-json\/wp\/v2\/tags?post=101996"}],"curies":[{"name":"wp","href":"https:\/\/api.w.org\/{rel}","templated":true}]}}