{"id":101998,"date":"2025-04-05T05:00:00","date_gmt":"2025-04-05T08:00:00","guid":{"rendered":"https:\/\/tvc16.com\/portal\/?p=101998"},"modified":"2025-04-04T20:08:11","modified_gmt":"2025-04-04T23:08:11","slug":"camara-aprova-indicacao-sobre-vedacao-de-exigencia-de-materiais-escolares-no-municipio","status":"publish","type":"post","link":"https:\/\/tvc16.com\/portal\/2025\/04\/05\/camara-aprova-indicacao-sobre-vedacao-de-exigencia-de-materiais-escolares-no-municipio\/","title":{"rendered":"C\u00e2mara aprova indica\u00e7\u00e3o sobre veda\u00e7\u00e3o de exig\u00eancia de materiais escolares no Munic\u00edpio"},"content":{"rendered":"\n<p>Na \u00faltima quarta-feira (02), a C\u00e2mara Municipal aprovou a indica\u00e7\u00e3o legislativa que visa vedar a cobran\u00e7a de materiais escolares nos estabelecimentos de ensino municipalizados, refor\u00e7ando o dever do Estado em assegurar educa\u00e7\u00e3o gratuita e de qualidade para todos os estudantes.<\/p>\n\n\n\n<p>A proposta da indica\u00e7\u00e3o, estabelece que o Munic\u00edpio n\u00e3o pode solicitar aos alunos, pais ou respons\u00e1veis a aquisi\u00e7\u00e3o de qualquer tipo de material necess\u00e1rio ao desenvolvimento das atividades escolares. Isso inclui materiais pedag\u00f3gicos, de higiene e alimenta\u00e7\u00e3o, que devem ser fornecidos pelo poder p\u00fablico, conforme j\u00e1 previsto pela Lei Federal n\u00ba 9.394\/96 e pela Constitui\u00e7\u00e3o Federal.<\/p>\n\n\n\n<p>&#8220;Essa indica\u00e7\u00e3o \u00e9 um passo importante para garantir que a gratuidade do ensino fundamental n\u00e3o se limite apenas \u00e0 oferta de aulas e espa\u00e7os, mas que tamb\u00e9m abranja todos os insumos essenciais para uma educa\u00e7\u00e3o de qualidade&#8221;, afirmou o autor do projeto, vereador Tiago Leite durante a vota\u00e7\u00e3o. Ele destacou que a continuidade no fornecimento desses materiais \u00e9 fundamental, especialmente durante mudan\u00e7as de gest\u00e3o, quando as prioridades podem ser alteradas.<\/p>\n\n\n\n<p>A propositura baseia-se em dispositivos constitucionais que asseguram o direito \u00e0 educa\u00e7\u00e3o b\u00e1sica, incluindo a necessidade de programas suplementares para o fornecimento de materiais did\u00e1ticos e assist\u00eancia aos alunos. O vereador enfatizou que despesas com materiais escolares devem ser consideradas como parte da manuten\u00e7\u00e3o e desenvolvimento do ensino, evitando que os respons\u00e1veis enfrentem encargos adicionais.<\/p>\n\n\n\n<p>Foto: \u00a9 Rovena Rosa\/Ag\u00eancia Brasil<br><br><\/p>\n","protected":false},"excerpt":{"rendered":"<p>Na \u00faltima quarta-feira (02), a C\u00e2mara Municipal aprovou a indica\u00e7\u00e3o legislativa que visa vedar a<\/p>\n","protected":false},"author":2,"featured_media":101999,"comment_status":"open","ping_status":"open","sticky":false,"template":"","format":"standard","meta":{"footnotes":""},"categories":[12],"tags":[],"class_list":["post-101998","post","type-post","status-publish","format-standard","has-post-thumbnail","hentry","category-cidade"],"_links":{"self":[{"href":"https:\/\/tvc16.com\/portal\/wp-json\/wp\/v2\/posts\/101998","targetHints":{"allow":["GET"]}}],"collection":[{"href":"https:\/\/tvc16.com\/portal\/wp-json\/wp\/v2\/posts"}],"about":[{"href":"https:\/\/tvc16.com\/portal\/wp-json\/wp\/v2\/types\/post"}],"author":[{"embeddable":true,"href":"https:\/\/tvc16.com\/portal\/wp-json\/wp\/v2\/users\/2"}],"replies":[{"embeddable":true,"href":"https:\/\/tvc16.com\/portal\/wp-json\/wp\/v2\/comments?post=101998"}],"version-history":[{"count":2,"href":"https:\/\/tvc16.com\/portal\/wp-json\/wp\/v2\/posts\/101998\/revisions"}],"predecessor-version":[{"id":102002,"href":"https:\/\/tvc16.com\/portal\/wp-json\/wp\/v2\/posts\/101998\/revisions\/102002"}],"wp:featuredmedia":[{"embeddable":true,"href":"https:\/\/tvc16.com\/portal\/wp-json\/wp\/v2\/media\/101999"}],"wp:attachment":[{"href":"https:\/\/tvc16.com\/portal\/wp-json\/wp\/v2\/media?parent=101998"}],"wp:term":[{"taxonomy":"category","embeddable":true,"href":"https:\/\/tvc16.com\/portal\/wp-json\/wp\/v2\/categories?post=101998"},{"taxonomy":"post_tag","embeddable":true,"href":"https:\/\/tvc16.com\/portal\/wp-json\/wp\/v2\/tags?post=101998"}],"curies":[{"name":"wp","href":"https:\/\/api.w.org\/{rel}","templated":true}]}}