{"id":102006,"date":"2025-04-05T05:00:00","date_gmt":"2025-04-05T08:00:00","guid":{"rendered":"https:\/\/tvc16.com\/portal\/?p=102006"},"modified":"2025-04-04T20:16:56","modified_gmt":"2025-04-04T23:16:56","slug":"associacao-geracao-forte-recebe-lutador-de-mma","status":"publish","type":"post","link":"https:\/\/tvc16.com\/portal\/2025\/04\/05\/associacao-geracao-forte-recebe-lutador-de-mma\/","title":{"rendered":"Associa\u00e7\u00e3o Gera\u00e7\u00e3o Forte recebe lutador de MMA"},"content":{"rendered":"\n<p><em>Jafel \u2018Pastor\u2019 Filho ir\u00e1 compartilhar sua hist\u00f3ria de vida para os jovens<\/em><\/p>\n\n\n\n<p>A Associa\u00e7\u00e3o Gera\u00e7\u00e3o Forte est\u00e1 h\u00e1 12 anos ajudando pessoas em situa\u00e7\u00e3o de vulnerabilidade social na cidade de Petr\u00f3polis. Coordenada pelo presidente Marcio Lino, ela funciona amparando, dando suporte e qualidade de vida \u00e0s crian\u00e7as, adolescentes e jovens. Neste domingo (06), a associa\u00e7\u00e3o receber\u00e1 a visita de uma das atuais promessas brasileiras no MMA, o lutador Jafel Filho, conhecido como \u2018O Pastor\u201d. O competidor de 31 anos possui 16 vit\u00f3rias na carreira e est\u00e1 em busca da 15\u00aa posi\u00e7\u00e3o do ranking mundial da categoria peso-mosca no UFC. Jafel ir\u00e1 compartilhar sobre sua hist\u00f3ria de vida com o objetivo de inspirar os jovens auxiliados pelo projeto.<\/p>\n\n\n\n<p>Al\u00e9m de lutador, fora dos ringues, Jafel compartilha sua mensagem aos domingos como pastor. Para Marcio Lino \u00e9 uma oportunidade de crescimento e inspira\u00e7\u00e3o para os jovens acolhidos pela Associa\u00e7\u00e3o Gera\u00e7\u00e3o Forte. \u201c\u00c9 de muita import\u00e2ncia para que esses jovens se espelhem e vejam o qu\u00e3o dif\u00edcil \u00e9 a trajet\u00f3ria ao topo, mas que ela \u00e9 poss\u00edvel e que eles tamb\u00e9m podem alcan\u00e7ar seus objetivos\u201d, disse.<\/p>\n\n\n\n<p>Questionado pela import\u00e2ncia do projeto, que conta com cerca de 30 atletas, Marcio respondeu que o principal objetivo \u00e9 uma mudan\u00e7a de comportamento e de vida. \u201cA associa\u00e7\u00e3o funciona amparando, dando suporte e qualidade de vida para os indiv\u00edduos. S\u00e3o crian\u00e7as, jovens e adolescentes, buscando melhorar a educa\u00e7\u00e3o, o comportamento familiar e social. Direcionamos a for\u00e7a desses jovens para o caminho certo, seja ela na educa\u00e7\u00e3o, na m\u00fasica ou at\u00e9 no esporte\u201d, completou.<\/p>\n\n\n\n<p>Jafel Filho<\/p>\n\n\n\n<p>Jafel Cavalcante Cordeiro Filho \u00e9 um lutador nascido na cidade de Juazeiro, na Bahia. Tem 31 anos e possui a especialidade do Jiu-jitsu, filiado a equipe Nova Uni\u00e3o. Jafel compete no MMA, um esporte que combina t\u00e9cnicas de artes marciais como as do jud\u00f4, carat\u00ea, jiu-jtsu, muay-thai, boxe, kickboxing e do wrestling. Atualmente possui um recorde de 16 vit\u00f3rias e apenas tr\u00eas derrotas, ocupando a posi\u00e7\u00e3o 23 do ranking mundial do peso-mosca no UFC, principal competi\u00e7\u00e3o do MMA. O lutador vem de uma sequ\u00eancia de duas vit\u00f3rias seguidas, uma contra Ode Osbourne, em mar\u00e7o, e outra contra Daniel Barez, em julho de 2023. Cada vez mais pr\u00f3ximo, sua maior meta \u00e9 alcan\u00e7ar a 15\u00aa posi\u00e7\u00e3o da categoria.<\/p>\n\n\n\n<p>Por Gabriel Rattes<\/p>\n\n\n\n<p>Foto: Divulga\u00e7\u00e3o<\/p>\n","protected":false},"excerpt":{"rendered":"<p>Jafel \u2018Pastor\u2019 Filho ir\u00e1 compartilhar sua hist\u00f3ria de vida para os jovens A Associa\u00e7\u00e3o Gera\u00e7\u00e3o<\/p>\n","protected":false},"author":2,"featured_media":102007,"comment_status":"open","ping_status":"open","sticky":false,"template":"","format":"standard","meta":{"footnotes":""},"categories":[12],"tags":[],"class_list":["post-102006","post","type-post","status-publish","format-standard","has-post-thumbnail","hentry","category-cidade"],"_links":{"self":[{"href":"https:\/\/tvc16.com\/portal\/wp-json\/wp\/v2\/posts\/102006","targetHints":{"allow":["GET"]}}],"collection":[{"href":"https:\/\/tvc16.com\/portal\/wp-json\/wp\/v2\/posts"}],"about":[{"href":"https:\/\/tvc16.com\/portal\/wp-json\/wp\/v2\/types\/post"}],"author":[{"embeddable":true,"href":"https:\/\/tvc16.com\/portal\/wp-json\/wp\/v2\/users\/2"}],"replies":[{"embeddable":true,"href":"https:\/\/tvc16.com\/portal\/wp-json\/wp\/v2\/comments?post=102006"}],"version-history":[{"count":1,"href":"https:\/\/tvc16.com\/portal\/wp-json\/wp\/v2\/posts\/102006\/revisions"}],"predecessor-version":[{"id":102008,"href":"https:\/\/tvc16.com\/portal\/wp-json\/wp\/v2\/posts\/102006\/revisions\/102008"}],"wp:featuredmedia":[{"embeddable":true,"href":"https:\/\/tvc16.com\/portal\/wp-json\/wp\/v2\/media\/102007"}],"wp:attachment":[{"href":"https:\/\/tvc16.com\/portal\/wp-json\/wp\/v2\/media?parent=102006"}],"wp:term":[{"taxonomy":"category","embeddable":true,"href":"https:\/\/tvc16.com\/portal\/wp-json\/wp\/v2\/categories?post=102006"},{"taxonomy":"post_tag","embeddable":true,"href":"https:\/\/tvc16.com\/portal\/wp-json\/wp\/v2\/tags?post=102006"}],"curies":[{"name":"wp","href":"https:\/\/api.w.org\/{rel}","templated":true}]}}