{"id":102009,"date":"2025-04-13T13:00:00","date_gmt":"2025-04-13T16:00:00","guid":{"rendered":"https:\/\/tvc16.com\/portal\/?p=102009"},"modified":"2025-04-12T00:36:19","modified_gmt":"2025-04-12T03:36:19","slug":"defesa-civil-destaca-principais-acoes-para-o-proximo-trimestre","status":"publish","type":"post","link":"https:\/\/tvc16.com\/portal\/2025\/04\/13\/defesa-civil-destaca-principais-acoes-para-o-proximo-trimestre\/","title":{"rendered":"Defesa Civil destaca principais a\u00e7\u00f5es para o pr\u00f3ximo trimestre"},"content":{"rendered":"\n<p><em>Audi\u00eancia p\u00fablica debateu o terceiro quadrimestre do ano passado<\/em><\/p>\n\n\n\n<p>A Secretaria de Prote\u00e7\u00e3o e Defesa Civil de Petr\u00f3polis apresentou, no dia 27\/03, na C\u00e2mara Municipal de Petr\u00f3polis, o relat\u00f3rio do terceiro quadrimestre de 2024. Durante a apresenta\u00e7\u00e3o, a diretora de monitoramento, Eduarda Conde Bastos, destacou as principais a\u00e7\u00f5es do \u00f3rg\u00e3o, incluindo a elabora\u00e7\u00e3o de progn\u00f3sticos clim\u00e1ticos a cada in\u00edcio de esta\u00e7\u00e3o, essenciais para a preven\u00e7\u00e3o de riscos. Outro ponto de destaque foi o treinamento do Plano Municipal de Redu\u00e7\u00e3o de Riscos (PMRR), que capacitou t\u00e9cnicos da Prefeitura, Defesa Civil e Secretaria de Obras na identifica\u00e7\u00e3o e mapeamento de \u00e1reas de risco. Estiveram presentes os vereadores L\u00e9o Fran\u00e7a, J\u00falia Casamasso, Carlos Alberto, Wesley Barreto e Octavio Sampaio, o secret\u00e1rio de Defesa Civil, Guilherme Moraes, al\u00e9m de outros representantes do \u00f3rg\u00e3o e lideran\u00e7as comunit\u00e1rias.<\/p>\n\n\n\n<p>Eduarda Bastos iniciou a apresenta\u00e7\u00e3o do relat\u00f3rio com as metas da Defesa Civil para o pr\u00f3ximo trimestre, foram elas: inova\u00e7\u00e3o tecnol\u00f3gica para monitoramento cont\u00ednuo, pesquisa e desenvolvimento da cultura para preven\u00e7\u00e3o de desastres, prepara\u00e7\u00e3o e atendimento de resposta em situa\u00e7\u00f5es excepcionais, reestrutura\u00e7\u00e3o dos n\u00facleos de Defesa Civil e Centro Integrado de Comando e Controle (CICC).<\/p>\n\n\n\n<p>Inova\u00e7\u00e3o tecnol\u00f3gica para monitoramento cont\u00ednuo<\/p>\n\n\n\n<p>Dentre as inova\u00e7\u00f5es tecnol\u00f3gicas para o monitoramento cont\u00ednuo da Defesa Civil, foi apresentado o Progn\u00f3stico Ver\u00e3o. A cada in\u00edcio de esta\u00e7\u00e3o, o Departamento de Monitoramento da Secretaria Municipal de Prote\u00e7\u00e3o e Defesa Civil elabora e divulga um progn\u00f3stico clim\u00e1tico para o per\u00edodo. A pr\u00e1tica integra-se \u00e0s diretrizes da Pol\u00edtica Nacional de Prote\u00e7\u00e3o e Defesa Civil. Todos os documentos elaborados s\u00e3o disponibilizados no site oficial da Prefeitura de Petr\u00f3polis. Outra categoria dispon\u00edvel no portal s\u00e3o os relat\u00f3rios t\u00e9cnicos de eventos meteorol\u00f3gicos. Servem como fonte de informa\u00e7\u00e3o para diversos atores envolvidos na gest\u00e3o de riscos da cidade, incluindo \u00f3rg\u00e3os n\u00e3o governamentais, institui\u00e7\u00f5es de pesquisa e a sociedade em geral.<\/p>\n\n\n\n<p>\u201cDesde o ano passado n\u00f3s temos feito relat\u00f3rios t\u00e9cnicos para cada evento chuvoso. No ver\u00e3o acaba sendo mais dif\u00edcil por ter ocorr\u00eancia de chuvas di\u00e1rias, mas sempre que temos um sistema diferente, uma frente fria, ou qualquer outro tipo de chuva, a gente busca fazer um relat\u00f3rio. Ele apresenta condi\u00e7\u00f5es temporais, o que ocasionou a chuva, a maneira que a Defesa Civil atuou, \u00edndices pluviom\u00e9tricos, se tivemos ocorr\u00eancia &#8211; tanto de risco geol\u00f3gico ou estrutural &#8211; e ocorr\u00eancias de inunda\u00e7\u00e3o\u201d, apontou a diretora de monitoramento da Defesa Civil.<\/p>\n\n\n\n<p>Tamb\u00e9m foi mencionada a colabora\u00e7\u00e3o com o Comit\u00ea Piabanha em um projeto de micro e macro drenagem, que deve entrar em execu\u00e7\u00e3o no segundo semestre de 2025, contribuindo para a seguran\u00e7a da popula\u00e7\u00e3o. Outro ponto de destaque foi o treinamento do Plano Municipal de Redu\u00e7\u00e3o de Riscos (PMRR), que capacitou t\u00e9cnicos da Prefeitura, Defesa Civil e Secretaria de Obras na identifica\u00e7\u00e3o e mapeamento de \u00e1reas de risco. Durante a capacita\u00e7\u00e3o, foram abordados a metodologia utilizada na elabora\u00e7\u00e3o do PMRR, os mapeamentos de base aplicados e os crit\u00e9rios t\u00e9cnicos para identifica\u00e7\u00e3o e mapeamento de \u00e1reas de risco.<\/p>\n\n\n\n<p>Dentro da mesma meta, foi apresentada uma parceria realizada com a Faculdade de Medicina de Petr\u00f3polis (Unifase), atrav\u00e9s do projeto \u201cComunidade que Cuida da Vida\u201d. Foram realizadas entregas de computadores para prosseguimento das atividades relacionadas \u00e0 composi\u00e7\u00e3o e adequa\u00e7\u00e3o de dados com finalidade de utiliza\u00e7\u00e3o de ferramentas de geoprocessamento. Os computadores foram doados pelo Minist\u00e9rio P\u00fablico do Rio de Janeiro (MPRJ). Outra a\u00e7\u00e3o foi a sensibiliza\u00e7\u00e3o de alunos selecionados com foco na apresenta\u00e7\u00e3o da secretaria, das pautas e dos objetivos do projeto.<\/p>\n\n\n\n<p>Cultura para preven\u00e7\u00e3o de desastres<\/p>\n\n\n\n<p>Quanto \u00e0 cultura de preven\u00e7\u00e3o a desastres naturais, foi apresentado o Programa Escola Resiliente, que tem o foco de promover o fortalecimento da gest\u00e3o de risco dentro das escolas, envolvendo estudantes, professores, diretores e funcion\u00e1rios. A estrat\u00e9gia central do programa se baseia na pergunta: \u201cComo estimular o jovem a participar ativamente no gerenciamento de risco no ambiente escolar?\u201d. Para responder a quest\u00e3o, o programa utiliza tr\u00eas fundamentos: pertencimento, protagonismo e coopera\u00e7\u00e3o.<\/p>\n\n\n\n<p>Outra medida apresentada s\u00e3o as oficinas do Servi\u00e7o de Prote\u00e7\u00e3o e Atendimento Integral \u00e0 Fam\u00edlia (PAIF). Tem o objetivo de provocar a reflex\u00e3o sobre um tema de interesse das fam\u00edlias no \u00e2mbito da Assist\u00eancia, propiciando o acesso \u00e0 informa\u00e7\u00e3o, a problematiza\u00e7\u00e3o e reflex\u00e3o cr\u00edtica das situa\u00e7\u00f5es vividas em seu territ\u00f3rio. Foram realizadas rodas de conversa visando compartilhar informa\u00e7\u00f5es sobre autoprote\u00e7\u00e3o, orienta\u00e7\u00f5es gerais sobre \u00e1reas de risco de inunda\u00e7\u00e3o\/deslizamento, alerta e alarme e a import\u00e2ncia de n\u00e3o ocupar im\u00f3veis interditados. Essas rodas de conversa tamb\u00e9m foram realizadas com a popula\u00e7\u00e3o em situa\u00e7\u00e3o de rua.<\/p>\n\n\n\n<p>Nos dias 27 e 28 de novembro de 2024, foi realizada a III Confer\u00eancia Municipal de Prote\u00e7\u00e3o e Defesa Civil, no Instituto Teol\u00f3gico Franciscano. O evento reuniu diversas institui\u00e7\u00f5es, representantes da sociedade civil e poder p\u00fablico e especialistas para debater a\u00e7\u00f5es voltadas \u00e0 seguran\u00e7a da comunidade e \u00e0 gest\u00e3o de riscos e desastres em Petr\u00f3polis. J\u00e1 em janeiro de 2025, foi realizada uma reuni\u00e3o de alinhamento com o Centro de Monitoramento de Alertas de Desastres Naturais (Cemaden-RJ).<\/p>\n\n\n\n<p>Resposta em situa\u00e7\u00f5es excepcionais<\/p>\n\n\n\n<p>No que se refere ao Plano de Conting\u00eancia para Chuvas Intensas, a Defesa Civil atualizou mapas de ocorr\u00eancias de chuvas e descargas el\u00e9tricas, realizou estudos sobre risco hidrol\u00f3gico e implementou o Cell Broadcast, sistema de alerta sonoro para regi\u00f5es de risco. Tamb\u00e9m foi inclu\u00eddo um novo ponto de apoio no bairro Corr\u00eaas, na Escola Municipal Herc\u00edlia Henriques Moret.<\/p>\n\n\n\n<p>A reestrutura\u00e7\u00e3o dos N\u00facleos de Defesa Civil tamb\u00e9m foi abordada, com a entrega de equipamentos em parceria com o Minist\u00e9rio P\u00fablico do Estado do Rio de Janeiro (MPRJ) e visitas de campo para avalia\u00e7\u00e3o das necessidades de interven\u00e7\u00e3o.<br>Lideran\u00e7a comunit\u00e1ria<\/p>\n\n\n\n<p>A lideran\u00e7a comunit\u00e1ria tamb\u00e9m teve espa\u00e7o no debate. A presidente da Associa\u00e7\u00e3o de Moradores da Comunidade S\u00e3o Jo\u00e3o Batista, Viviane Marques, ressaltou a import\u00e2ncia da intera\u00e7\u00e3o entre a comunidade e a Defesa Civil, enquanto a advogada D\u00e9bora Pena destacou a Lei 8797\/2024, que institui a pol\u00edtica municipal de pontos de apoio, tornando Petr\u00f3polis refer\u00eancia na preven\u00e7\u00e3o de desastres. Ela ainda solicitou a aprecia\u00e7\u00e3o e aprova\u00e7\u00e3o da Pol\u00edtica Municipal de Prote\u00e7\u00e3o e Defesa Civil, protocolada na C\u00e2mara pela vereadora J\u00falia Casamasso.<\/p>\n\n\n\n<p>Ao final da audi\u00eancia, o secret\u00e1rio Guilherme Moraes refor\u00e7ou a import\u00e2ncia da proximidade com a comunidade e da atua\u00e7\u00e3o preventiva para minimizar riscos e desastres naturais na cidade.<\/p>\n\n\n\n<p>Por Gabriel Rattes<\/p>\n\n\n\n<p>Foto: Ascom\/CMP<\/p>\n","protected":false},"excerpt":{"rendered":"<p>Audi\u00eancia p\u00fablica debateu o terceiro quadrimestre do ano passado A Secretaria de Prote\u00e7\u00e3o e Defesa<\/p>\n","protected":false},"author":2,"featured_media":102010,"comment_status":"open","ping_status":"open","sticky":false,"template":"","format":"standard","meta":{"footnotes":""},"categories":[12],"tags":[],"class_list":["post-102009","post","type-post","status-publish","format-standard","has-post-thumbnail","hentry","category-cidade"],"_links":{"self":[{"href":"https:\/\/tvc16.com\/portal\/wp-json\/wp\/v2\/posts\/102009","targetHints":{"allow":["GET"]}}],"collection":[{"href":"https:\/\/tvc16.com\/portal\/wp-json\/wp\/v2\/posts"}],"about":[{"href":"https:\/\/tvc16.com\/portal\/wp-json\/wp\/v2\/types\/post"}],"author":[{"embeddable":true,"href":"https:\/\/tvc16.com\/portal\/wp-json\/wp\/v2\/users\/2"}],"replies":[{"embeddable":true,"href":"https:\/\/tvc16.com\/portal\/wp-json\/wp\/v2\/comments?post=102009"}],"version-history":[{"count":2,"href":"https:\/\/tvc16.com\/portal\/wp-json\/wp\/v2\/posts\/102009\/revisions"}],"predecessor-version":[{"id":102482,"href":"https:\/\/tvc16.com\/portal\/wp-json\/wp\/v2\/posts\/102009\/revisions\/102482"}],"wp:featuredmedia":[{"embeddable":true,"href":"https:\/\/tvc16.com\/portal\/wp-json\/wp\/v2\/media\/102010"}],"wp:attachment":[{"href":"https:\/\/tvc16.com\/portal\/wp-json\/wp\/v2\/media?parent=102009"}],"wp:term":[{"taxonomy":"category","embeddable":true,"href":"https:\/\/tvc16.com\/portal\/wp-json\/wp\/v2\/categories?post=102009"},{"taxonomy":"post_tag","embeddable":true,"href":"https:\/\/tvc16.com\/portal\/wp-json\/wp\/v2\/tags?post=102009"}],"curies":[{"name":"wp","href":"https:\/\/api.w.org\/{rel}","templated":true}]}}