{"id":102012,"date":"2025-04-06T04:30:05","date_gmt":"2025-04-06T07:30:05","guid":{"rendered":"https:\/\/tvc16.com\/portal\/?p=102012"},"modified":"2025-04-06T17:14:24","modified_gmt":"2025-04-06T20:14:24","slug":"camara-debate-sobrecarga-do-trabalho-feminino-e-politicas-de-cuidados-para-mulheres","status":"publish","type":"post","link":"https:\/\/tvc16.com\/portal\/2025\/04\/06\/camara-debate-sobrecarga-do-trabalho-feminino-e-politicas-de-cuidados-para-mulheres\/","title":{"rendered":"C\u00e2mara debate sobrecarga do trabalho feminino e pol\u00edticas de cuidados para mulheres"},"content":{"rendered":"\n<p>A Comiss\u00e3o de Direitos das Mulheres da C\u00e2mara Municipal organizou na \u00faltima sexta-feira (28), uma audi\u00eancia p\u00fablica que debateu pol\u00edticas p\u00fablicas voltadas para as mulheres, com o tema \u201cQuais Equipamentos P\u00fablicos Podem Reduzir a Sobrecarga das Mulheres?&#8221;, onde foram destacados pontos sobre a carga de trabalho que o grupo enfrenta na sociedade por praticarem jornadas triplas, ou seja, tendo em sua responsabilidade gerenciar o lado profissional, os afazeres dom\u00e9sticos e a fam\u00edlia.<\/p>\n\n\n\n<p>Participaram da plen\u00e1ria, a vereadoras J\u00falia Casamasso (Psol), que \u00e9 a presidente da pasta, a parlamentar Professora L\u00edvia (PcdoB), Rosangela Stumpf, Chefe de Gabinete e Secret\u00e1ria de Direitos e Pol\u00edticas para as Mulheres, Adriana Kreischer, Secret\u00e1ria de Assist\u00eancia Social, da Presidente do Conselho Municipal dos Direitos da Mulher (COMDIM), Gl\u00e1ucia de F\u00e1tima Barban Morelli, al\u00e9m de representantes do Projeto Reage M\u00e3e, Daniela Freitas, da Coletiva Feminista Popular, Carolina Bess, e de lideran\u00e7as comunit\u00e1rias e especialistas em pol\u00edticas p\u00fablicas.<\/p>\n\n\n\n<p>Sobre o tema, J\u00falia destacou o papel das mulheres na sociedade, ressaltando o protagonismo feminino frente \u00e0s mudan\u00e7as, ela tamb\u00e9m trouxe a invisibilidade desses corpos que atuam em todas as esferas sociais. \u201cQueria primeiro dizer que quem consegue fazer esse diagn\u00f3stico preciso da sociedade, olhar para estrutura e ler o que est\u00e1 acontecendo e fazer diagn\u00f3stico, s\u00e3o as mulheres. Por qu\u00ea? Porque s\u00e3o elas que vivem a sociedade, que est\u00e3o em todos os espa\u00e7os, que levam os filhos para as escolas, que usam transporte p\u00fablico, os equipamentos de sa\u00fade. Mas na sociedade que a gente vive, na sociedade capitalista, patriarcal principalmente, as mulheres s\u00e3o colocadas numa condi\u00e7\u00e3o de subservi\u00eancia, subalternidade e servid\u00e3o, elas sequer s\u00e3o consideradas na sua integridade enquanto indiv\u00edduo. E a gente tem os fatores sociais e culturais que colaboram para isso ainda nos dias de hoje, porque existem expectativas que s\u00e3o irrealistas sobre o papel das mulheres e o modelo de fam\u00edlia que \u00e9 idealizado na estrutura social atual\u201d, disse.<\/p>\n\n\n\n<p>A parlamentar enfatizou ainda, a heran\u00e7a dos pap\u00e9is de cada grupo feminino e masculino, montada a d\u00e9cadas destinado ao que e onde a mulher deve atuar. \u201cEnt\u00e3o a gente tem uma divis\u00e3o sexual do trabalho, onde n\u00f3s mulheres somos treinadas para desempenhar uma fun\u00e7\u00e3o como se fizesse parte da nossa natureza, que \u00e9 o trabalho de cuidado, porque quem est\u00e1 majoritariamente essa fun\u00e7\u00e3o de cuidar das crian\u00e7as, dos idosos e dos lares, somos n\u00f3s mulheres\u201d, ressaltou.<\/p>\n\n\n\n<p>A organiza\u00e7\u00e3o do sistema patriarcal enfatiza e estreita os estere\u00f3tipos do que a mulher deve fazer ou n\u00e3o. Por mais que a ideia tenha sido criada nos prim\u00f3rdios da sociedade, afeta diretamente a sa\u00fade do grupo, que \u00e9 o respons\u00e1vel por cuidar de todos. Isso demonstra o qu\u00e3o desigual \u00e9 a distribui\u00e7\u00e3o das demandas, deixando para as mulheres a responsabilidade do cuidado familiar, al\u00e9m do trabalho dom\u00e9stico, entre outros afazeres que em sua maioria n\u00e3o s\u00e3o remunerados. Segundo dados da Pesquisa Nacional de Amostra de Domic\u00edlios Cont\u00ednua (Pnad-c) do Instituto Brasileiro de Geografia e Estat\u00edstica (IBGE), em 2019, as mulheres dedicaram cerca de 21,7 horas semanais para o trabalho dom\u00e9stico e cuidados n\u00e3o remunerado, em contraponto os homens doaram apenas 11 horas.<\/p>\n\n\n\n<p>Nesse par\u00e2metro, conforme dados da Organiza\u00e7\u00e3o Internacional do Trabalho, 76% do of\u00edcio n\u00e3o remunerado \u00e9 realizado por mulheres, o que corresponde a um valor estimado de US$ 11 trilh\u00f5es por ano. \u201cPra efeito de compara\u00e7\u00e3o, uma forma mais material porque eu n\u00e3o sei voc\u00eas, mas pensar em trilh\u00f5es \u00e9 algo quase inconceb\u00edvel, \u00e9 como se as m\u00e3es e as donas de casa do mundo pudessem comprar, por ano, 10 mil est\u00e1dios do porte do Maracan\u00e3. O estado, o sistema em que vivemos que nos treina desde o nascimento, imputando a n\u00f3s essas tarefas como se fizessem parte da nossa natureza, chamam essas tarefas de amor, mas n\u00f3s chamamos de trabalho n\u00e3o remunerado\u201d, enfatizou J\u00falia Casamasso.<\/p>\n\n\n\n<p>Dados do estudo Est\u00e1ticas de G\u00eanero do IBGE, fazem um recorte racial sobre a sobrecarga enfrentada por brasileiras, em 2022, enquanto as mulheres dedicaram, em m\u00e9dia, 21,3 horas semanais aos afazeres dom\u00e9sticos e cuidado de pessoas, os homens gastaram 11,7 horas. As mulheres pretas ou pardas dedicaram 1,6 hora a mais por semana nessas tarefas do que as brancas.<\/p>\n\n\n\n<p>Frente aos dados, foi salientado na audi\u00eancia a import\u00e2ncia de mapear e utilizar as ferramentas p\u00fablicas para fomentar pol\u00edticas voltadas para garantir avan\u00e7os concretos em pautas que promovam a dignidade, seguran\u00e7a e integridade feminina. Nesse contexto, a vereadora Professora L\u00edvia trouxe para a plen\u00e1ria a possibilidade de criar uma \u201cPol\u00edtica Municipal dos Cuidado\u201d, destacando a import\u00e2ncia de a\u00e7\u00f5es para atender a demanda por vagas nas creches e o suporte \u00e0s m\u00e3es at\u00edpicas, que muitas vezes s\u00e3o as principais cuidadoras de seus filhos.<\/p>\n\n\n\n<p>Por Leandra Lima<\/p>\n","protected":false},"excerpt":{"rendered":"<p>A Comiss\u00e3o de Direitos das Mulheres da C\u00e2mara Municipal organizou na \u00faltima sexta-feira (28), uma<\/p>\n","protected":false},"author":2,"featured_media":102013,"comment_status":"open","ping_status":"open","sticky":false,"template":"","format":"standard","meta":{"footnotes":""},"categories":[12],"tags":[],"class_list":["post-102012","post","type-post","status-publish","format-standard","has-post-thumbnail","hentry","category-cidade"],"_links":{"self":[{"href":"https:\/\/tvc16.com\/portal\/wp-json\/wp\/v2\/posts\/102012","targetHints":{"allow":["GET"]}}],"collection":[{"href":"https:\/\/tvc16.com\/portal\/wp-json\/wp\/v2\/posts"}],"about":[{"href":"https:\/\/tvc16.com\/portal\/wp-json\/wp\/v2\/types\/post"}],"author":[{"embeddable":true,"href":"https:\/\/tvc16.com\/portal\/wp-json\/wp\/v2\/users\/2"}],"replies":[{"embeddable":true,"href":"https:\/\/tvc16.com\/portal\/wp-json\/wp\/v2\/comments?post=102012"}],"version-history":[{"count":1,"href":"https:\/\/tvc16.com\/portal\/wp-json\/wp\/v2\/posts\/102012\/revisions"}],"predecessor-version":[{"id":102014,"href":"https:\/\/tvc16.com\/portal\/wp-json\/wp\/v2\/posts\/102012\/revisions\/102014"}],"wp:featuredmedia":[{"embeddable":true,"href":"https:\/\/tvc16.com\/portal\/wp-json\/wp\/v2\/media\/102013"}],"wp:attachment":[{"href":"https:\/\/tvc16.com\/portal\/wp-json\/wp\/v2\/media?parent=102012"}],"wp:term":[{"taxonomy":"category","embeddable":true,"href":"https:\/\/tvc16.com\/portal\/wp-json\/wp\/v2\/categories?post=102012"},{"taxonomy":"post_tag","embeddable":true,"href":"https:\/\/tvc16.com\/portal\/wp-json\/wp\/v2\/tags?post=102012"}],"curies":[{"name":"wp","href":"https:\/\/api.w.org\/{rel}","templated":true}]}}