{"id":102021,"date":"2025-04-04T21:13:28","date_gmt":"2025-04-05T00:13:28","guid":{"rendered":"https:\/\/tvc16.com\/portal\/?p=102021"},"modified":"2025-04-04T21:18:31","modified_gmt":"2025-04-05T00:18:31","slug":"pontos-de-apoio-sao-abertos-as-21h-desta-sexta-feira-04","status":"publish","type":"post","link":"https:\/\/tvc16.com\/portal\/2025\/04\/04\/pontos-de-apoio-sao-abertos-as-21h-desta-sexta-feira-04\/","title":{"rendered":"Pontos de apoio s\u00e3o abertos \u00e0s 21h desta sexta-feira (04)"},"content":{"rendered":"\n<p>A Defesa Civil de Petr\u00f3polis informa que, \u00e0s 21h desta sexta-feira (04\/04), ser\u00e3o abertos 26 pontos de apoio nos cinco distritos, desses quatro j\u00e1 foram abertos \u00e0s 19h por atingirem os protocolos de abertura. A medida \u00e9 preventiva e tem como objetivo facilitar o acesso da popula\u00e7\u00e3o devido aos acumulados de chuva previsto para a madrugada deste s\u00e1bado (05\/04).<\/p>\n\n\n\n<p>A Defesa Civil orienta os moradores das \u00e1reas de risco a se deslocarem para o ponto de apoio mais pr\u00f3ximo e refor\u00e7a a import\u00e2ncia de acompanhar as atualiza\u00e7\u00f5es. Para receber alertas, cadastre o seu CEP enviando uma mensagem de texto para o n\u00famero 40199. Tamb\u00e9m acompanhe as informa\u00e7\u00f5es atualizadas pelas redes sociais da Defesa Civil e da Prefeitura de Petr\u00f3polis.<\/p>\n\n\n\n<p>O Boletim meteorol\u00f3gico atualizar\u00e1 a previs\u00e3o do tempo para a cidade, podendo ser acessado pelo link: www.petropolis.rj.gov.br\/boletim.<\/p>\n\n\n\n<p>Governador Claudio Castro chegou a Petr\u00f3polis no in\u00edcio da noite desta sexta-feira<\/p>\n\n\n\n<p>O governador Claudio Castro e o secret\u00e1rio de Ambiente, Bernardo Rossi chegaram a Petr\u00f3polis no in\u00edcio da noite desta sexta-feira (04) para acompanhar as a\u00e7\u00f5es de preven\u00e7\u00e3o para a chuvas deste fim de semana.<\/p>\n\n\n\n<p>\u201cO Estado tem feito um trabalho de preven\u00e7\u00e3o junto aos munic\u00edpios para uma resposa r\u00e1pida. As equipes do Corpo de Bombeiros foram refor\u00e7adas, assim como a disponibiliza\u00e7\u00e3o do maquin\u00e1rio para atender n\u00e3o apenas Petr\u00f3polis, mas a toda a Regi\u00e3o Serrana. Tamb\u00e9m enviamos kits para a assist\u00eancia social caso necess\u00e1rio \u201d, disse o governador Claudio Castro.<\/p>\n\n\n\n<p>O secret\u00e1rio estadual de Ambiente, Bernardo Rossi lembrou as a\u00e7\u00f5es do Limpa Rio que ajudaram na preven\u00e7\u00e3o evitando inunda\u00e7\u00f5es. \u201cA dragagem dos rios feita pelo Inea evitaram maiores incidentes em todo o estado e em Petr\u00f3polis n\u00e3o ser\u00e1 diferente . Todo o maquin\u00e1rio continua dispon\u00edvel para atender as cidades\u201d, frisou o secret\u00e1rio estadual.<\/p>\n\n\n\n<p>\u201cEssa parceria com o Governo do Estado \u00e9 fundamental neste per\u00edodo em que enfrentamos o risco de fortes chuvas. A prontid\u00e3o demonstrada antes mesmo da chegada do governador a Petr\u00f3polis mostra o comprometimento com a nossa cidade. Toda a estrutura estadual foi colocada \u00e0 disposi\u00e7\u00e3o: equipes t\u00e9cnicas capacitadas, m\u00e1quinas, caminh\u00f5es, e demais equipamentos essenciais j\u00e1 est\u00e3o mobilizados. Essa atua\u00e7\u00e3o integrada fortalece nossa capacidade de resposta e refor\u00e7a a import\u00e2ncia da uni\u00e3o entre os governos para proteger a popula\u00e7\u00e3o\u201d, disse o prefeito Hingo Hammes.<\/p>\n\n\n\n<p>Confira a listagem dos pontos de apoio abertos:<\/p>\n\n\n\n<ol class=\"wp-block-list\">\n<li>Escola das Comunidades Santo Ant\u00f4nio<\/li>\n\n\n\n<li>E.M. Clemente Fernandes<\/li>\n\n\n\n<li>E.M. Germano Valente<\/li>\n\n\n\n<li>E.M. Stefan Zweig<\/li>\n\n\n\n<li>Escola Paroquial Bom Jesus<\/li>\n\n\n\n<li>E.M. Gov. Marcello Alencar<\/li>\n\n\n\n<li>E.M. Senador Mario Martins<\/li>\n\n\n\n<li>Escola Municipal Duque de Caxias<\/li>\n\n\n\n<li>CEI Andr\u00e9 Vanzan<\/li>\n\n\n\n<li>E.M. Herc\u00edlia Henriques Moretti<\/li>\n\n\n\n<li>E.M. F\u00e1brica do Saber<\/li>\n\n\n\n<li>E.M. Bataillard<\/li>\n\n\n\n<li>Sal\u00e3o Paroquial S\u00e3o Paulo Ap\u00f3stolo<\/li>\n\n\n\n<li>CEI Vista Alegre<\/li>\n\n\n\n<li>E.M. Papa Jo\u00e3o Paulo II<\/li>\n\n\n\n<li>E.M. Ana Mohammad<\/li>\n\n\n\n<li>E.M. Santa Teresinha<\/li>\n\n\n\n<li>E.M. Alto Independ\u00eancia<\/li>\n\n\n\n<li>E.M. Dr. Paula Buarque<\/li>\n\n\n\n<li>E.M. Theodoro Machado<\/li>\n\n\n\n<li>Escola Municipalizada Pedro Amado<\/li>\n\n\n\n<li>E.M. Geraldo Ventura Dias<\/li>\n\n\n\n<li>E.M. Dr. Rubens de Castro Bomtempo<\/li>\n\n\n\n<li>E.M. Odette Fonseca<\/li>\n\n\n\n<li>E.M. Beatriz Zaleski<\/li>\n\n\n\n<li>E.M. Hidelbrando de Carvalho<\/li>\n<\/ol>\n\n\n\n<p>Dois pontos de apoio foram desmobilizados:<\/p>\n\n\n\n<ul class=\"wp-block-list\">\n<li>E.M. Roberto Kennedy<\/li>\n\n\n\n<li>E.M. Rosalina Nicolay<\/li>\n<\/ul>\n\n\n\n<p>Maiores acumulados na \u00faltima hora:<\/p>\n\n\n\n<ul class=\"wp-block-list\">\n<li>S\u00e3o Sebasti\u00e3o Vital: 12,4mm (Cemaden RJ)<\/li>\n\n\n\n<li>Dr. Thouzet: 10,2mm (Cemaden RJ)<\/li>\n\n\n\n<li>S\u00e3o Sebasti\u00e3o: 9,6mm (Cemaden BR)<\/li>\n<\/ul>\n\n\n\n<p>Maiores acumulados em 24h:<\/p>\n\n\n\n<ul class=\"wp-block-list\">\n<li>Ch\u00e1cara Flora: 48,8mm (Cemaden BR)<\/li>\n\n\n\n<li>S\u00e3o Sebasti\u00e3o- Vital: 46,8mm (Cemaden BR)<\/li>\n\n\n\n<li>S\u00e3o Sebasti\u00e3o-Geo: 45,6mm (Cemaden BR)<\/li>\n<\/ul>\n","protected":false},"excerpt":{"rendered":"<p>A Defesa Civil de Petr\u00f3polis informa que, \u00e0s 21h desta sexta-feira (04\/04), ser\u00e3o abertos 26<\/p>\n","protected":false},"author":2,"featured_media":102023,"comment_status":"open","ping_status":"open","sticky":false,"template":"","format":"standard","meta":{"footnotes":""},"categories":[12],"tags":[],"class_list":["post-102021","post","type-post","status-publish","format-standard","has-post-thumbnail","hentry","category-cidade"],"_links":{"self":[{"href":"https:\/\/tvc16.com\/portal\/wp-json\/wp\/v2\/posts\/102021","targetHints":{"allow":["GET"]}}],"collection":[{"href":"https:\/\/tvc16.com\/portal\/wp-json\/wp\/v2\/posts"}],"about":[{"href":"https:\/\/tvc16.com\/portal\/wp-json\/wp\/v2\/types\/post"}],"author":[{"embeddable":true,"href":"https:\/\/tvc16.com\/portal\/wp-json\/wp\/v2\/users\/2"}],"replies":[{"embeddable":true,"href":"https:\/\/tvc16.com\/portal\/wp-json\/wp\/v2\/comments?post=102021"}],"version-history":[{"count":1,"href":"https:\/\/tvc16.com\/portal\/wp-json\/wp\/v2\/posts\/102021\/revisions"}],"predecessor-version":[{"id":102022,"href":"https:\/\/tvc16.com\/portal\/wp-json\/wp\/v2\/posts\/102021\/revisions\/102022"}],"wp:featuredmedia":[{"embeddable":true,"href":"https:\/\/tvc16.com\/portal\/wp-json\/wp\/v2\/media\/102023"}],"wp:attachment":[{"href":"https:\/\/tvc16.com\/portal\/wp-json\/wp\/v2\/media?parent=102021"}],"wp:term":[{"taxonomy":"category","embeddable":true,"href":"https:\/\/tvc16.com\/portal\/wp-json\/wp\/v2\/categories?post=102021"},{"taxonomy":"post_tag","embeddable":true,"href":"https:\/\/tvc16.com\/portal\/wp-json\/wp\/v2\/tags?post=102021"}],"curies":[{"name":"wp","href":"https:\/\/api.w.org\/{rel}","templated":true}]}}