{"id":102024,"date":"2025-04-06T05:00:00","date_gmt":"2025-04-06T08:00:00","guid":{"rendered":"https:\/\/tvc16.com\/portal\/?p=102024"},"modified":"2025-04-04T21:30:13","modified_gmt":"2025-04-05T00:30:13","slug":"supremo-confirma-que-nova-correcao-do-fgts-nao-e-retroativa","status":"publish","type":"post","link":"https:\/\/tvc16.com\/portal\/2025\/04\/06\/supremo-confirma-que-nova-correcao-do-fgts-nao-e-retroativa\/","title":{"rendered":"Supremo confirma que nova corre\u00e7\u00e3o do FGTS n\u00e3o \u00e9 retroativa"},"content":{"rendered":"\n<p><strong>O Supremo Tribunal Federal (STF) decidiu reafirmar que o Fundo de Garantia do Tempo de Servi\u00e7o (FGTS) deve ser corrigido pelo \u00cdndice Nacional de Pre\u00e7os ao Consumidor Amplo (IPCA) somente ap\u00f3s a decis\u00e3o da Corte que definiu o indicador como \u00edndice de atualiza\u00e7\u00e3o das contas.<\/strong><img decoding=\"async\" src=\"https:\/\/agenciabrasil.ebc.com.br\/ebc.png?id=1637647&amp;o=node\"><img decoding=\"async\" src=\"https:\/\/agenciabrasil.ebc.com.br\/ebc.gif?id=1637647&amp;o=node\"><\/p>\n\n\n\n<blockquote class=\"wp-block-quote is-layout-flow wp-block-quote-is-layout-flow\">\n<p>A decis\u00e3o foi proferida, por unanimidade, no dia 28 de mar\u00e7o durante julgamento virtual de um pedido do partido Solidariedade para que a corre\u00e7\u00e3o fosse aplicada retroativamente \u00e0 data do julgamento e para quem estava com a\u00e7\u00e3o na Justi\u00e7a at\u00e9 2019.<\/p>\n<\/blockquote>\n\n\n\n<p>Em junho do ano passado, o Supremo decidiu que as contas dever\u00e3o garantir corre\u00e7\u00e3o real conforme o IPCA, principal indicador da infla\u00e7\u00e3o no pa\u00eds, e n\u00e3o podem mais ser atualizadas com base na Taxa Referencial (TR), taxa com valor pr\u00f3ximo de zero.<\/p>\n\n\n\n<p><a href=\"https:\/\/agenciabrasil.ebc.com.br\/justica\/noticia\/2024-06\/stf-decide-que-fgts-deve-garantir-correcao-pelo-ipca\" target=\"_blank\" rel=\"noreferrer noopener\"><strong>&gt;&gt;Supremo decide que FGTS deve garantir corre\u00e7\u00e3o pelo IPCA<\/strong><\/a><\/p>\n\n\n\n<p><strong>Contudo, a Corte entendeu que a nova forma de corre\u00e7\u00e3o vale para novos dep\u00f3sitos a partir da decis\u00e3o e n\u00e3o ser\u00e1 aplicada a valores retroativos.<\/strong><\/p>\n\n\n\n<p>O caso come\u00e7ou a ser julgado pelo STF a partir de uma a\u00e7\u00e3o protocolada em 2014 pelo partido Solidariedade. A legenda sustentou que a corre\u00e7\u00e3o pela TR, com rendimento pr\u00f3ximo de zero, por ano, n\u00e3o remunera adequadamente os correntistas, perdendo para a infla\u00e7\u00e3o real.<\/p>\n\n\n\n<p>Criado em 1966 para substituir a garantia de estabilidade no emprego, o fundo funciona como uma poupan\u00e7a compuls\u00f3ria e prote\u00e7\u00e3o financeira contra o desemprego. No caso de dispensa sem justa causa, o empregado recebe o saldo do FGTS, mais multa de 40% sobre o montante.<\/p>\n\n\n\n<p>Edi\u00e7\u00e3o:<\/p>\n\n\n\n<p>A\u00e9cio Amado<\/p>\n\n\n\n<p>Ag\u00eancia Brasil<br>Foto: \u00a9 Jo\u00e9dson Alves\/Ag\u00eancia Brasil<br><\/p>\n","protected":false},"excerpt":{"rendered":"<p>O Supremo Tribunal Federal (STF) decidiu reafirmar que o Fundo de Garantia do Tempo de<\/p>\n","protected":false},"author":2,"featured_media":102026,"comment_status":"open","ping_status":"open","sticky":false,"template":"","format":"standard","meta":{"footnotes":""},"categories":[17],"tags":[],"class_list":["post-102024","post","type-post","status-publish","format-standard","has-post-thumbnail","hentry","category-outras-noticias"],"_links":{"self":[{"href":"https:\/\/tvc16.com\/portal\/wp-json\/wp\/v2\/posts\/102024","targetHints":{"allow":["GET"]}}],"collection":[{"href":"https:\/\/tvc16.com\/portal\/wp-json\/wp\/v2\/posts"}],"about":[{"href":"https:\/\/tvc16.com\/portal\/wp-json\/wp\/v2\/types\/post"}],"author":[{"embeddable":true,"href":"https:\/\/tvc16.com\/portal\/wp-json\/wp\/v2\/users\/2"}],"replies":[{"embeddable":true,"href":"https:\/\/tvc16.com\/portal\/wp-json\/wp\/v2\/comments?post=102024"}],"version-history":[{"count":1,"href":"https:\/\/tvc16.com\/portal\/wp-json\/wp\/v2\/posts\/102024\/revisions"}],"predecessor-version":[{"id":102027,"href":"https:\/\/tvc16.com\/portal\/wp-json\/wp\/v2\/posts\/102024\/revisions\/102027"}],"wp:featuredmedia":[{"embeddable":true,"href":"https:\/\/tvc16.com\/portal\/wp-json\/wp\/v2\/media\/102026"}],"wp:attachment":[{"href":"https:\/\/tvc16.com\/portal\/wp-json\/wp\/v2\/media?parent=102024"}],"wp:term":[{"taxonomy":"category","embeddable":true,"href":"https:\/\/tvc16.com\/portal\/wp-json\/wp\/v2\/categories?post=102024"},{"taxonomy":"post_tag","embeddable":true,"href":"https:\/\/tvc16.com\/portal\/wp-json\/wp\/v2\/tags?post=102024"}],"curies":[{"name":"wp","href":"https:\/\/api.w.org\/{rel}","templated":true}]}}