{"id":10203,"date":"2021-02-08T22:55:59","date_gmt":"2021-02-09T01:55:59","guid":{"rendered":"https:\/\/tvc16.com\/portal\/?p=10203"},"modified":"2021-02-08T22:56:02","modified_gmt":"2021-02-09T01:56:02","slug":"secretaria-de-educacao-de-nova-iguacu-promove-palestras-on-line-para-educadores","status":"publish","type":"post","link":"https:\/\/tvc16.com\/portal\/2021\/02\/08\/secretaria-de-educacao-de-nova-iguacu-promove-palestras-on-line-para-educadores\/","title":{"rendered":"Secretaria de Educa\u00e7\u00e3o de Nova Igua\u00e7u promove palestras on-line para educadores"},"content":{"rendered":"\n<p><\/p>\n\n\n\n<p>Para capacitar os professores da rede municipal de ensino neste tempo de pandemia, a Secretaria Municipal de Educa\u00e7\u00e3o de Nova Igua\u00e7u (SEMED) realiza, nesta ter\u00e7a (9), quarta (10) e quinta (11), em evento virtual transmitido da Casa do Professor, a Semana Pedag\u00f3gica 2021.<\/p>\n\n\n\n<p>O evento dar\u00e1 subs\u00eddios para &nbsp;planejamento escolar, tomando por base eixos tem\u00e1ticos referentes aos assuntos sobre a pandemia da Covid-19. Ser\u00e3o oferecidas palestras transmitidas ao vivo pela p\u00e1gina da SEMED no Facebook e os profissionais dever\u00e3o se inscrever atrav\u00e9s do link:&nbsp;<a rel=\"noreferrer noopener\" target=\"_blank\" href=\"https:\/\/forms.gle\/caETbsG73uvkHGtP7\">https:\/\/forms.gle\/caETbsG73uvkHGtP7<\/a>. O ano letivo come\u00e7a em 1\u00ba de mar\u00e7o, com atividades 100% remotas.<\/p>\n\n\n\n<p>Nesta ter\u00e7a, \u00e0s 9h, a palestra ser\u00e1 com a coach educacional Kelly Ribeiro, que vai falar sobre &nbsp;\u201cabund\u00e2ncia ou escassez: um novo olhar para 2021\u201d. Na quarta, acontecxer\u00e3o duas palestras: \u00e0s 14h, com o doutor em educa\u00e7\u00e3o Am\u00e9rico Amorim, com o tema \u201cEnsino H\u00edbrido: o que \u00e9 e como aplicar na pr\u00e1tica pedag\u00f3gica\u201d\u2019, e, \u00e0s 18h, com a tamb\u00e9m doutora em educa\u00e7\u00e3o pela UERJ Jane Paiva, sobre \u201cPlanejamento e avalia\u00e7\u00e3o: ressignificando compreens\u00f5es para a Educa\u00e7\u00e3o de jovens e adultos\u201d.<\/p>\n\n\n\n<p>J\u00e1 na quinta-feira, \u00e0s 9h, a p\u00f3s-doutora em educa\u00e7\u00e3o pela UNIRIO Elisangela da Silva vai &nbsp;debater sobre \u201cOs desafios do retorno das aulas em plena pandemia: qual planejamento escolar poss\u00edvel\u201d. \u00c0s 14h, o encerramento ser\u00e1 com o doutorando em educa\u00e7\u00e3o pela PPGE\/UFRJ Jonathan Aguiar, que falar\u00e1 sobre \u201cAs brincadeiras infantis e o mundo das descobertas: sorrir, cuidar e educar em debate\u201d.<\/p>\n\n\n\n<p>Desde o \u00faltimo dia 4, a SEMED oferece acolhimento aos profissionais da educa\u00e7\u00e3o com atividades l\u00fadicas para trabalhar a quest\u00e3o emocional no retorno \u00e0s aulas presenciais, e orientar como lidar com o impacto da pandemia, entre outros assuntos.&nbsp; Al\u00e9m disso, a Secretaria realizar\u00e1 uma avalia\u00e7\u00e3o diagn\u00f3stica, com a finalidade de saber quais aprendizagens foram consolidadas ou n\u00e3o pelos alunos. Esta avalia\u00e7\u00e3o vai identificar o ponto de partida para fortalecer o processo de ensino e aprendizagem dos estudantes.<\/p>\n\n\n\n<p>Como aconteceu no ano de 2020, a Prefeitura usar\u00e1 todas as plataformas digitais poss\u00edveis, como Youtube, Whatsapp e Facebook, por exemplo, para atingir todos os alunos da rede municipal, que tamb\u00e9m receber\u00e3o v\u00eddeos com as disciplinas.<\/p>\n","protected":false},"excerpt":{"rendered":"<p>Para capacitar os professores da rede municipal de ensino neste tempo de pandemia, a Secretaria<\/p>\n","protected":false},"author":2,"featured_media":10204,"comment_status":"open","ping_status":"open","sticky":false,"template":"","format":"standard","meta":{"footnotes":""},"categories":[17],"tags":[],"class_list":["post-10203","post","type-post","status-publish","format-standard","has-post-thumbnail","hentry","category-outras-noticias"],"_links":{"self":[{"href":"https:\/\/tvc16.com\/portal\/wp-json\/wp\/v2\/posts\/10203","targetHints":{"allow":["GET"]}}],"collection":[{"href":"https:\/\/tvc16.com\/portal\/wp-json\/wp\/v2\/posts"}],"about":[{"href":"https:\/\/tvc16.com\/portal\/wp-json\/wp\/v2\/types\/post"}],"author":[{"embeddable":true,"href":"https:\/\/tvc16.com\/portal\/wp-json\/wp\/v2\/users\/2"}],"replies":[{"embeddable":true,"href":"https:\/\/tvc16.com\/portal\/wp-json\/wp\/v2\/comments?post=10203"}],"version-history":[{"count":1,"href":"https:\/\/tvc16.com\/portal\/wp-json\/wp\/v2\/posts\/10203\/revisions"}],"predecessor-version":[{"id":10205,"href":"https:\/\/tvc16.com\/portal\/wp-json\/wp\/v2\/posts\/10203\/revisions\/10205"}],"wp:featuredmedia":[{"embeddable":true,"href":"https:\/\/tvc16.com\/portal\/wp-json\/wp\/v2\/media\/10204"}],"wp:attachment":[{"href":"https:\/\/tvc16.com\/portal\/wp-json\/wp\/v2\/media?parent=10203"}],"wp:term":[{"taxonomy":"category","embeddable":true,"href":"https:\/\/tvc16.com\/portal\/wp-json\/wp\/v2\/categories?post=10203"},{"taxonomy":"post_tag","embeddable":true,"href":"https:\/\/tvc16.com\/portal\/wp-json\/wp\/v2\/tags?post=10203"}],"curies":[{"name":"wp","href":"https:\/\/api.w.org\/{rel}","templated":true}]}}