{"id":102034,"date":"2025-04-05T08:21:05","date_gmt":"2025-04-05T11:21:05","guid":{"rendered":"https:\/\/tvc16.com\/portal\/?p=102034"},"modified":"2025-04-05T10:50:31","modified_gmt":"2025-04-05T13:50:31","slug":"defesa-civil-desmobiliza-24-pontos-de-apoio","status":"publish","type":"post","link":"https:\/\/tvc16.com\/portal\/2025\/04\/05\/defesa-civil-desmobiliza-24-pontos-de-apoio\/","title":{"rendered":"Defesa Civil desmobiliza 24 pontos de apoio"},"content":{"rendered":"\n<p>A Defesa Civil de Petr\u00f3polis informou que desmobilizou 24 pontos de apoio, nos cinco distritos, na madrugada deste s\u00e1bado (05), ap\u00f3s an\u00e1lise do cen\u00e1rio meteorol\u00f3gico. Continuam abertos quatro pontos, onde h\u00e1 fam\u00edlias sendo atendidas.<\/p>\n\n\n\n<p>Para receber alertas, cadastre o seu CEP enviando uma mensagem de texto para o n\u00famero 40199. Tamb\u00e9m acompanhe as informa\u00e7\u00f5es atualizadas pelas redes sociais da Defesa Civil e da Prefeitura de Petr\u00f3polis.<\/p>\n\n\n\n<p>O boletim meteorol\u00f3gico atualizar\u00e1 a previs\u00e3o do tempo para a cidade, podendo ser acessado pelo link: www.petropolis.rj.gov.br\/boletim.<\/p>\n\n\n\n<p>Confira a listagem dos pontos de apoio abertos:<\/p>\n\n\n\n<p>E.M. Papa Jo\u00e3o Paulo II: 2 adultos, 3 adolescentes e 2 crian\u00e7as<\/p>\n\n\n\n<p>E.M. Ana Mohamad: 1 adulto e \u20603 crian\u00e7as<\/p>\n\n\n\n<p>E.M. Marcello Alencar: 2 adultos e 2 crian\u00e7as<\/p>\n\n\n\n<p>E.M. Stefan Zweig: 1 adulto<\/p>\n\n\n\n<p>Confira a listagem dos pontos de apoio desmobilizados:<\/p>\n\n\n\n<p>*1.\tEscola das Comunidades Santo Ant\u00f4nio<\/p>\n\n\n\n<p>2.\tE.M. Clemente Fernandes<\/p>\n\n\n\n<p>3.\tE.M. Germano Valente<\/p>\n\n\n\n<p>4.\tEscola Paroquial Bom Jesus<\/p>\n\n\n\n<p>5.\tE.M. Senador Mario Martins<\/p>\n\n\n\n<p>6.\tEscola Municipal Duque de Caxias<\/p>\n\n\n\n<p>7.\tCEI Andr\u00e9 Vanzan<\/p>\n\n\n\n<p>8.\tE.M. Herc\u00edlia Henriques Moretti<\/p>\n\n\n\n<p>9.\tE.M. F\u00e1brica do Saber<\/p>\n\n\n\n<p>10.\tE.M. Bataillard<\/p>\n\n\n\n<p>11.\tSal\u00e3o Paroquial S\u00e3o Paulo Ap\u00f3stolo<\/p>\n\n\n\n<p>12.\tCEI Vista Alegre<\/p>\n\n\n\n<p>13.\tE.M. Santa Teresinha<\/p>\n\n\n\n<p>14.\tE.M. Alto Independ\u00eancia<\/p>\n\n\n\n<p>15.\tE.M. Dr. Paula Buarque<\/p>\n\n\n\n<p>16.\tE.M. Theodoro Machado<\/p>\n\n\n\n<p>17.\tEscola Municipalizada Pedro Amado<\/p>\n\n\n\n<p>18.\tE.M. Geraldo Ventura Dias<\/p>\n\n\n\n<p>19.\tE.M. Dr. Rubens de Castro Bomtempo<\/p>\n\n\n\n<p>20.\tE.M. Odette Fonseca<\/p>\n\n\n\n<p>21.\tE.M. Beatriz Zaleski<\/p>\n\n\n\n<p>22.\tE.M. Hidelbrando de Carvalho<\/p>\n\n\n\n<p>23.\tE.M. Roberto Kennedy<\/p>\n\n\n\n<p>24.    E.M. Rosalina Nicolay<\/p>\n\n\n\n<p>foto: governo do estado<\/p>\n","protected":false},"excerpt":{"rendered":"<p>A Defesa Civil de Petr\u00f3polis informou que desmobilizou 24 pontos de apoio, nos cinco distritos,<\/p>\n","protected":false},"author":2,"featured_media":102035,"comment_status":"open","ping_status":"open","sticky":false,"template":"","format":"standard","meta":{"footnotes":""},"categories":[1],"tags":[],"class_list":["post-102034","post","type-post","status-publish","format-standard","has-post-thumbnail","hentry","category-uncategorized"],"_links":{"self":[{"href":"https:\/\/tvc16.com\/portal\/wp-json\/wp\/v2\/posts\/102034","targetHints":{"allow":["GET"]}}],"collection":[{"href":"https:\/\/tvc16.com\/portal\/wp-json\/wp\/v2\/posts"}],"about":[{"href":"https:\/\/tvc16.com\/portal\/wp-json\/wp\/v2\/types\/post"}],"author":[{"embeddable":true,"href":"https:\/\/tvc16.com\/portal\/wp-json\/wp\/v2\/users\/2"}],"replies":[{"embeddable":true,"href":"https:\/\/tvc16.com\/portal\/wp-json\/wp\/v2\/comments?post=102034"}],"version-history":[{"count":2,"href":"https:\/\/tvc16.com\/portal\/wp-json\/wp\/v2\/posts\/102034\/revisions"}],"predecessor-version":[{"id":102037,"href":"https:\/\/tvc16.com\/portal\/wp-json\/wp\/v2\/posts\/102034\/revisions\/102037"}],"wp:featuredmedia":[{"embeddable":true,"href":"https:\/\/tvc16.com\/portal\/wp-json\/wp\/v2\/media\/102035"}],"wp:attachment":[{"href":"https:\/\/tvc16.com\/portal\/wp-json\/wp\/v2\/media?parent=102034"}],"wp:term":[{"taxonomy":"category","embeddable":true,"href":"https:\/\/tvc16.com\/portal\/wp-json\/wp\/v2\/categories?post=102034"},{"taxonomy":"post_tag","embeddable":true,"href":"https:\/\/tvc16.com\/portal\/wp-json\/wp\/v2\/tags?post=102034"}],"curies":[{"name":"wp","href":"https:\/\/api.w.org\/{rel}","templated":true}]}}