{"id":102038,"date":"2025-04-05T08:26:18","date_gmt":"2025-04-05T11:26:18","guid":{"rendered":"https:\/\/tvc16.com\/portal\/?p=102038"},"modified":"2025-04-05T10:50:48","modified_gmt":"2025-04-05T13:50:48","slug":"defesa-civil-muda-estagio-operacional-para-observacao","status":"publish","type":"post","link":"https:\/\/tvc16.com\/portal\/2025\/04\/05\/defesa-civil-muda-estagio-operacional-para-observacao\/","title":{"rendered":"Defesa Civil muda est\u00e1gio operacional para Observa\u00e7\u00e3o"},"content":{"rendered":"\n<p>A Defesa Civil de Petr\u00f3polis alterou, \u00e0s 08h10 deste s\u00e1bado (05\/04), o est\u00e1gio operacional do munic\u00edpio para Observa\u00e7\u00e3o, por conta da aus\u00eancia de previs\u00e3o de acumulados significativos de chuva nas pr\u00f3ximas horas.<\/p>\n\n\n\n<p>Previs\u00e3o meteorol\u00f3gica: o transporte de umidade do oceano em dire\u00e7\u00e3o ao continente segue influenciando as condi\u00e7\u00f5es do tempo em Petr\u00f3polis. Para este s\u00e1bado, a previs\u00e3o \u00e9 de c\u00e9u encoberto, com chuva fraca a moderada ao longo do dia. Acesse a previs\u00e3o completa para a cidade em: https:\/\/www.petropolis.rj.gov.br\/boletim.<\/p>\n\n\n\n<p>A Defesa Civil recomenda que a popula\u00e7\u00e3o permane\u00e7a atenta \u00e0s pr\u00f3ximas atualiza\u00e7\u00f5es.<\/p>\n\n\n\n<p>Cadastre seu CEP enviando uma mensagem de texto para o n\u00famero 40199 para receber alertas, e acompanhe as informa\u00e7\u00f5es no portal da Prefeitura de Petr\u00f3polis.<\/p>\n\n\n\n<p>O boletim meteorol\u00f3gico ser\u00e1 atualizado com a previs\u00e3o do tempo para a cidade e pode ser acessado pelo link: www.petropolis.rj.gov.br\/boletim.<\/p>\n","protected":false},"excerpt":{"rendered":"<p>A Defesa Civil de Petr\u00f3polis alterou, \u00e0s 08h10 deste s\u00e1bado (05\/04), o est\u00e1gio operacional do<\/p>\n","protected":false},"author":2,"featured_media":101928,"comment_status":"open","ping_status":"open","sticky":false,"template":"","format":"standard","meta":{"footnotes":""},"categories":[17],"tags":[],"class_list":["post-102038","post","type-post","status-publish","format-standard","has-post-thumbnail","hentry","category-outras-noticias"],"_links":{"self":[{"href":"https:\/\/tvc16.com\/portal\/wp-json\/wp\/v2\/posts\/102038","targetHints":{"allow":["GET"]}}],"collection":[{"href":"https:\/\/tvc16.com\/portal\/wp-json\/wp\/v2\/posts"}],"about":[{"href":"https:\/\/tvc16.com\/portal\/wp-json\/wp\/v2\/types\/post"}],"author":[{"embeddable":true,"href":"https:\/\/tvc16.com\/portal\/wp-json\/wp\/v2\/users\/2"}],"replies":[{"embeddable":true,"href":"https:\/\/tvc16.com\/portal\/wp-json\/wp\/v2\/comments?post=102038"}],"version-history":[{"count":1,"href":"https:\/\/tvc16.com\/portal\/wp-json\/wp\/v2\/posts\/102038\/revisions"}],"predecessor-version":[{"id":102039,"href":"https:\/\/tvc16.com\/portal\/wp-json\/wp\/v2\/posts\/102038\/revisions\/102039"}],"wp:featuredmedia":[{"embeddable":true,"href":"https:\/\/tvc16.com\/portal\/wp-json\/wp\/v2\/media\/101928"}],"wp:attachment":[{"href":"https:\/\/tvc16.com\/portal\/wp-json\/wp\/v2\/media?parent=102038"}],"wp:term":[{"taxonomy":"category","embeddable":true,"href":"https:\/\/tvc16.com\/portal\/wp-json\/wp\/v2\/categories?post=102038"},{"taxonomy":"post_tag","embeddable":true,"href":"https:\/\/tvc16.com\/portal\/wp-json\/wp\/v2\/tags?post=102038"}],"curies":[{"name":"wp","href":"https:\/\/api.w.org\/{rel}","templated":true}]}}