{"id":102048,"date":"2025-04-05T10:24:18","date_gmt":"2025-04-05T13:24:18","guid":{"rendered":"https:\/\/tvc16.com\/portal\/?p=102048"},"modified":"2025-04-05T10:24:20","modified_gmt":"2025-04-05T13:24:20","slug":"defesa-civil-abre-pontos-de-apoio-das-regioes-do-alto-independencia-vila-felipe-sao-sebastiao-alto-da-serra-duques-e-joao-xavier","status":"publish","type":"post","link":"https:\/\/tvc16.com\/portal\/2025\/04\/05\/defesa-civil-abre-pontos-de-apoio-das-regioes-do-alto-independencia-vila-felipe-sao-sebastiao-alto-da-serra-duques-e-joao-xavier\/","title":{"rendered":"Defesa Civil abre pontos de apoio das regi\u00f5es do Alto Independ\u00eancia, Vila Felipe, S\u00e3o Sebasti\u00e3o, Alto da Serra, Duques e Jo\u00e3o Xavier"},"content":{"rendered":"\n<p>A Defesa Civil de Petr\u00f3polis informa que, \u00e0s 10h deste s\u00e1bado (05\/04), foram abertos os pontos de apoio das regi\u00f5es Alto Independ\u00eancia, Vila Felipe, S\u00e3o Sebasti\u00e3o, Alto da Serra, Duques e Jo\u00e3o Xavier.<\/p>\n\n\n\n<p>A Defesa Civil orienta os moradores das \u00e1reas de risco a se deslocarem para o ponto de apoio mais pr\u00f3ximo e refor\u00e7a a import\u00e2ncia de acompanhar as atualiza\u00e7\u00f5es.<\/p>\n\n\n\n<p>Para receber alertas, cadastre o seu CEP enviando uma mensagem de texto para o n\u00famero 40199. Tamb\u00e9m acompanhe as informa\u00e7\u00f5es atualizadas pelas redes sociais da Defesa Civil e da Prefeitura de Petr\u00f3polis.<\/p>\n\n\n\n<p>O Boletim meteorol\u00f3gico atualizar\u00e1 a previs\u00e3o do tempo para a cidade, podendo ser acessado pelo link: www.petropolis.rj.gov.br\/boletim.<\/p>\n\n\n\n<p>Confira a listagem dos pontos de apoio abertos:<\/p>\n\n\n\n<ul class=\"wp-block-list\">\n<li>E. M. RUBENS DE CASTRO BOMTEMPO<\/li>\n\n\n\n<li>E. M. ODETTE DA FONSECA<\/li>\n\n\n\n<li>E. M. PAPA JO\u00c3O PAULO II<\/li>\n\n\n\n<li>ESCOLA DAS COMUNIDADES SANTO ANT\u00d4NIO<\/li>\n\n\n\n<li>E.M. ALTO INDEPEND\u00caNCIA<\/li>\n\n\n\n<li>SAL\u00c3O PAROQUIAL S\u00c3O PAULO AP\u00d3STOLO<\/li>\n<\/ul>\n\n\n\n<p><strong>Defesa Civil de Petr\u00f3polis aciona segundo toque das sirenes no Alto da Serra, Vila Felipe, S\u00e3o Sebasti\u00e3o e Alto Independ\u00eancia<\/strong><\/p>\n\n\n\n<p>A Defesa Civil de Petr\u00f3polis, na Regi\u00e3o Serrana do Rio, acionou o segundo toque do sistema de sirenes nas regi\u00f5es do Alto da Serra, Vila Felipe, S\u00e3o Sebasti\u00e3o e Alto Independ\u00eancia neste s\u00e1bado (05\/04), \u00e0s 09h50, ao atingir os protocolos de risco de deslizamento.<\/p>\n\n\n\n<p>O segundo toque das sirenes \u00e9 para mobilizar as pessoas para os pontos de apoio.<\/p>\n\n\n\n<p>A Defesa Civil orienta a mobiliza\u00e7\u00e3o da popula\u00e7\u00e3o da \u00e1rea de risco para os pontos de apoio.<\/p>\n\n\n\n<p>A Defesa Civil pede que a popula\u00e7\u00e3o fique atenta \u00e0s pr\u00f3ximas atualiza\u00e7\u00f5es.<\/p>\n\n\n\n<p>Foto: rede social<\/p>\n","protected":false},"excerpt":{"rendered":"<p>A Defesa Civil de Petr\u00f3polis informa que, \u00e0s 10h deste s\u00e1bado (05\/04), foram abertos os<\/p>\n","protected":false},"author":2,"featured_media":102049,"comment_status":"open","ping_status":"open","sticky":false,"template":"","format":"standard","meta":{"footnotes":""},"categories":[12],"tags":[],"class_list":["post-102048","post","type-post","status-publish","format-standard","has-post-thumbnail","hentry","category-cidade"],"_links":{"self":[{"href":"https:\/\/tvc16.com\/portal\/wp-json\/wp\/v2\/posts\/102048","targetHints":{"allow":["GET"]}}],"collection":[{"href":"https:\/\/tvc16.com\/portal\/wp-json\/wp\/v2\/posts"}],"about":[{"href":"https:\/\/tvc16.com\/portal\/wp-json\/wp\/v2\/types\/post"}],"author":[{"embeddable":true,"href":"https:\/\/tvc16.com\/portal\/wp-json\/wp\/v2\/users\/2"}],"replies":[{"embeddable":true,"href":"https:\/\/tvc16.com\/portal\/wp-json\/wp\/v2\/comments?post=102048"}],"version-history":[{"count":1,"href":"https:\/\/tvc16.com\/portal\/wp-json\/wp\/v2\/posts\/102048\/revisions"}],"predecessor-version":[{"id":102050,"href":"https:\/\/tvc16.com\/portal\/wp-json\/wp\/v2\/posts\/102048\/revisions\/102050"}],"wp:featuredmedia":[{"embeddable":true,"href":"https:\/\/tvc16.com\/portal\/wp-json\/wp\/v2\/media\/102049"}],"wp:attachment":[{"href":"https:\/\/tvc16.com\/portal\/wp-json\/wp\/v2\/media?parent=102048"}],"wp:term":[{"taxonomy":"category","embeddable":true,"href":"https:\/\/tvc16.com\/portal\/wp-json\/wp\/v2\/categories?post=102048"},{"taxonomy":"post_tag","embeddable":true,"href":"https:\/\/tvc16.com\/portal\/wp-json\/wp\/v2\/tags?post=102048"}],"curies":[{"name":"wp","href":"https:\/\/api.w.org\/{rel}","templated":true}]}}