{"id":10206,"date":"2021-02-08T23:03:57","date_gmt":"2021-02-09T02:03:57","guid":{"rendered":"https:\/\/tvc16.com\/portal\/?p=10206"},"modified":"2021-02-08T23:03:59","modified_gmt":"2021-02-09T02:03:59","slug":"educacao-na-rede-municipal-de-petropolis-durante-o-mes-de-fevereiro-sera-feita-a-ambientacao-revisao-e-fortalecimento-dos-conteudos-que-foram-apresentados-ao-longo-do-ano-passado","status":"publish","type":"post","link":"https:\/\/tvc16.com\/portal\/2021\/02\/08\/educacao-na-rede-municipal-de-petropolis-durante-o-mes-de-fevereiro-sera-feita-a-ambientacao-revisao-e-fortalecimento-dos-conteudos-que-foram-apresentados-ao-longo-do-ano-passado\/","title":{"rendered":"Educa\u00e7\u00e3o: na Rede Municipal de  Petr\u00f3polis, durante o m\u00eas de fevereiro ser\u00e1 feita a ambienta\u00e7\u00e3o, revis\u00e3o e fortalecimento dos conte\u00fados que foram apresentados ao longo do ano passado"},"content":{"rendered":"\n<p>Os alunos que n\u00e3o t\u00eam acesso \u00e0 internet continuar\u00e3o recebendo o material impresso conforme calend\u00e1rio de entrega disponibilizado por cada unidade escolar.<\/p>\n\n\n\n<p>De acordo com a Secretaria de Educa\u00e7\u00e3o, no in\u00edcio de mar\u00e7o, com o novo formato da plataforma Educa em Casa, os professores ter\u00e3o a oportunidade de colocar no site suas pr\u00f3prias atividades para os estudantes, de acordo com as turmas. Um chat tamb\u00e9m funcionar\u00e1 para esclarecer d\u00favidas dos alunos.<\/p>\n\n\n\n<p>O ensino h\u00edbrido &#8211; presencial e online \u2013 ser\u00e1 autorizado a partir do dia 5 de abril, seguindo as orienta\u00e7\u00f5es do plano de retorno. O documento, elaborado por um grupo de trabalho que conta com a participa\u00e7\u00e3o de representantes de v\u00e1rias institui\u00e7\u00f5es, inclusive do Minist\u00e9rio P\u00fablico, est\u00e1 passando por ajustes e vai nortear o retorno com todos os cuidados necess\u00e1rios. Antes da reabertura, as unidades de ensino passar\u00e3o por vistoria e aquelas que estiverem prontas, receber\u00e3o um selo de \u201cEscola Segura\u201d.<\/p>\n\n\n\n<p>Conforme o plano de retorno, as escolas da rede municipal ter\u00e3o planejamentos espec\u00edficos para garantir o acolhimento necess\u00e1rio dos alunos com EPIs, afastamento e cuidados necess\u00e1rios de acordo com a sua realidade. Os funcion\u00e1rios da Educa\u00e7\u00e3o passar\u00e3o por forma\u00e7\u00e3o realizada pela Secretaria de Sa\u00fade sobre uso de equipamentos e atendimento dos alunos. As orienta\u00e7\u00f5es para os pais ser\u00e3o feitas pelas unidades escolares e Secretaria de Educa\u00e7\u00e3o. Os respons\u00e1veis pelos alunos podem tirar suas d\u00favidas pelo telefone da inspe\u00e7\u00e3o escolar: 2246-8675.<\/p>\n","protected":false},"excerpt":{"rendered":"<p>Os alunos que n\u00e3o t\u00eam acesso \u00e0 internet continuar\u00e3o recebendo o material impresso conforme calend\u00e1rio<\/p>\n","protected":false},"author":2,"featured_media":10207,"comment_status":"open","ping_status":"open","sticky":false,"template":"","format":"standard","meta":{"footnotes":""},"categories":[12],"tags":[],"class_list":["post-10206","post","type-post","status-publish","format-standard","has-post-thumbnail","hentry","category-cidade"],"_links":{"self":[{"href":"https:\/\/tvc16.com\/portal\/wp-json\/wp\/v2\/posts\/10206","targetHints":{"allow":["GET"]}}],"collection":[{"href":"https:\/\/tvc16.com\/portal\/wp-json\/wp\/v2\/posts"}],"about":[{"href":"https:\/\/tvc16.com\/portal\/wp-json\/wp\/v2\/types\/post"}],"author":[{"embeddable":true,"href":"https:\/\/tvc16.com\/portal\/wp-json\/wp\/v2\/users\/2"}],"replies":[{"embeddable":true,"href":"https:\/\/tvc16.com\/portal\/wp-json\/wp\/v2\/comments?post=10206"}],"version-history":[{"count":1,"href":"https:\/\/tvc16.com\/portal\/wp-json\/wp\/v2\/posts\/10206\/revisions"}],"predecessor-version":[{"id":10208,"href":"https:\/\/tvc16.com\/portal\/wp-json\/wp\/v2\/posts\/10206\/revisions\/10208"}],"wp:featuredmedia":[{"embeddable":true,"href":"https:\/\/tvc16.com\/portal\/wp-json\/wp\/v2\/media\/10207"}],"wp:attachment":[{"href":"https:\/\/tvc16.com\/portal\/wp-json\/wp\/v2\/media?parent=10206"}],"wp:term":[{"taxonomy":"category","embeddable":true,"href":"https:\/\/tvc16.com\/portal\/wp-json\/wp\/v2\/categories?post=10206"},{"taxonomy":"post_tag","embeddable":true,"href":"https:\/\/tvc16.com\/portal\/wp-json\/wp\/v2\/tags?post=10206"}],"curies":[{"name":"wp","href":"https:\/\/api.w.org\/{rel}","templated":true}]}}