{"id":102068,"date":"2025-04-05T12:06:36","date_gmt":"2025-04-05T15:06:36","guid":{"rendered":"https:\/\/tvc16.com\/portal\/?p=102068"},"modified":"2025-04-05T12:06:37","modified_gmt":"2025-04-05T15:06:37","slug":"defesa-civil-de-petropolis-abre-pontos-de-apoio-de-correas-e-araras","status":"publish","type":"post","link":"https:\/\/tvc16.com\/portal\/2025\/04\/05\/defesa-civil-de-petropolis-abre-pontos-de-apoio-de-correas-e-araras\/","title":{"rendered":"Defesa Civil de Petr\u00f3polis abre pontos de apoio de Corr\u00eaas e Araras"},"content":{"rendered":"\n<p>A Defesa Civil de Petr\u00f3polis informou que, \u00e0s 12h deste s\u00e1bado (05\/04), foram abertos, preventivamente, os pontos de apoio das regi\u00f5es de Corr\u00eaas e Araras.<\/p>\n\n\n\n<p>A Defesa Civil orienta os moradores das \u00e1reas de risco a se deslocarem para o ponto de apoio mais pr\u00f3ximo e refor\u00e7a a import\u00e2ncia de acompanhar as atualiza\u00e7\u00f5es.<\/p>\n\n\n\n<p>Para receber alertas, cadastre o seu CEP enviando uma mensagem de texto para o n\u00famero 40199. Tamb\u00e9m acompanhe as informa\u00e7\u00f5es atualizadas pelas redes sociais da Defesa Civil e da Prefeitura de Petr\u00f3polis.<\/p>\n\n\n\n<p>O Boletim meteorol\u00f3gico atualizar\u00e1 a previs\u00e3o do tempo para a cidade, podendo ser acessado pelo link: www.petropolis.rj.gov.br\/boletim.<\/p>\n\n\n\n<p>Confira a listagem dos pontos de apoio abertos:<\/p>\n\n\n\n<ul class=\"wp-block-list\">\n<li>CEI VISTA ALEGRE<\/li>\n\n\n\n<li>ESCOLA MUNICIPALIZADA HERC\u00cdLIA HENRIQUES MORET<\/li>\n<\/ul>\n","protected":false},"excerpt":{"rendered":"<p>A Defesa Civil de Petr\u00f3polis informou que, \u00e0s 12h deste s\u00e1bado (05\/04), foram abertos, preventivamente,<\/p>\n","protected":false},"author":2,"featured_media":46936,"comment_status":"open","ping_status":"open","sticky":false,"template":"","format":"standard","meta":{"footnotes":""},"categories":[12],"tags":[],"class_list":["post-102068","post","type-post","status-publish","format-standard","has-post-thumbnail","hentry","category-cidade"],"_links":{"self":[{"href":"https:\/\/tvc16.com\/portal\/wp-json\/wp\/v2\/posts\/102068","targetHints":{"allow":["GET"]}}],"collection":[{"href":"https:\/\/tvc16.com\/portal\/wp-json\/wp\/v2\/posts"}],"about":[{"href":"https:\/\/tvc16.com\/portal\/wp-json\/wp\/v2\/types\/post"}],"author":[{"embeddable":true,"href":"https:\/\/tvc16.com\/portal\/wp-json\/wp\/v2\/users\/2"}],"replies":[{"embeddable":true,"href":"https:\/\/tvc16.com\/portal\/wp-json\/wp\/v2\/comments?post=102068"}],"version-history":[{"count":1,"href":"https:\/\/tvc16.com\/portal\/wp-json\/wp\/v2\/posts\/102068\/revisions"}],"predecessor-version":[{"id":102069,"href":"https:\/\/tvc16.com\/portal\/wp-json\/wp\/v2\/posts\/102068\/revisions\/102069"}],"wp:featuredmedia":[{"embeddable":true,"href":"https:\/\/tvc16.com\/portal\/wp-json\/wp\/v2\/media\/46936"}],"wp:attachment":[{"href":"https:\/\/tvc16.com\/portal\/wp-json\/wp\/v2\/media?parent=102068"}],"wp:term":[{"taxonomy":"category","embeddable":true,"href":"https:\/\/tvc16.com\/portal\/wp-json\/wp\/v2\/categories?post=102068"},{"taxonomy":"post_tag","embeddable":true,"href":"https:\/\/tvc16.com\/portal\/wp-json\/wp\/v2\/tags?post=102068"}],"curies":[{"name":"wp","href":"https:\/\/api.w.org\/{rel}","templated":true}]}}